{"id":17873,"date":"2023-01-13T15:31:33","date_gmt":"2023-01-13T15:31:33","guid":{"rendered":"https:\/\/elinformante.mx\/?p=17873"},"modified":"2023-01-30T16:57:03","modified_gmt":"2023-01-30T16:57:03","slug":"se-reune-fernando-flores-con-delegados-de-izcalli-cuauhtemoc-y-las-marinas","status":"publish","type":"post","link":"https:\/\/elinformante.mx\/?p=17873","title":{"rendered":"Se re\u00fane Fernando Flores con delegados de Izcalli Cuauht\u00e9moc y las Marinas"},"content":{"rendered":"\n<p>El alcalde Fernando Flores siempre al pendiente de los problemas que sufre la poblaci\u00f3n del municipio de Metepec, procura reunirse peri\u00f3dicamente con sus habitantes.<br><\/p>\n\n\n\n<p>Busca en todo momento que su gobierno vaya de la mano con la comunidad, trabajando hombro con hombro de manera pronta y eficaz.<br><\/p>\n\n\n\n<p>Y como parte de la comunicaci\u00f3n permanente con las comunidades, el alcalde Fernando Flores sostuvo una fruct\u00edfera reuni\u00f3n de trabajo con Delegados de los 6 fraccionamientos de Izcalli Cuauht\u00e9moc y Las Marinas.<br><\/p>\n\n\n\n<figure class=\"wp-block-image size-large\"><img fetchpriority=\"high\" decoding=\"async\" width=\"1024\" height=\"503\" src=\"https:\/\/elinformante.mx\/wp-content\/uploads\/2023\/01\/se-reune-2-1024x503.jpg\" alt=\"\" class=\"wp-image-17875\" srcset=\"https:\/\/elinformante.mx\/wp-content\/uploads\/2023\/01\/se-reune-2-1024x503.jpg 1024w, https:\/\/elinformante.mx\/wp-content\/uploads\/2023\/01\/se-reune-2-300x147.jpg 300w, https:\/\/elinformante.mx\/wp-content\/uploads\/2023\/01\/se-reune-2-768x377.jpg 768w, https:\/\/elinformante.mx\/wp-content\/uploads\/2023\/01\/se-reune-2-580x285.jpg 580w, https:\/\/elinformante.mx\/wp-content\/uploads\/2023\/01\/se-reune-2-860x422.jpg 860w, https:\/\/elinformante.mx\/wp-content\/uploads\/2023\/01\/se-reune-2.jpg 1140w\" sizes=\"(max-width: 1024px) 100vw, 1024px\" \/><\/figure>\n\n\n\n<p>En esta reuni\u00f3n delegados y gobierno municipal acordaron un plan laboral espec\u00edfico para la zona, buscando reditar en mejores servicios p\u00fablicos para beneficio de los habitantes de la zona pero tambi\u00e9n de la comunidad de Metepec en general.<br><\/p>\n\n\n\n<p>Los delegados agradecieron al alcalde la respuesta siempre pronta que ha tenido para con los ciudadanos.<br><\/p>\n\n\n\n<p>Despu\u00e9s de un breve desayuno y una amena charla el Alcalde Fernando Flores se dirigi\u00f3 a la cabeza del municipio para recibir presidir la Quincuag\u00e9sima Sesi\u00f3n Ordinaria de cabildo en donde aprob\u00f3 el \u201cPrograma de mejora Regulatoria de Metepec 2023\u201d.<\/p>\n","protected":false},"excerpt":{"rendered":"<p>El alcalde Fernando Flores siempre al pendiente de los problemas que sufre la poblaci\u00f3n del municipio de Metepec, procura reunirse peri\u00f3dicamente con sus habitantes. Busca en todo momento que su gobierno vaya de la mano con la comunidad, trabajando hombro con hombro de manera pronta y eficaz. Y como parte de la comunicaci\u00f3n permanente con [&hellip;]<\/p>\n","protected":false},"author":1,"featured_media":17874,"comment_status":"open","ping_status":"open","sticky":false,"template":"","format":"standard","meta":{"footnotes":""},"categories":[30,36],"tags":[],"class_list":["post-17873","post","type-post","status-publish","format-standard","has-post-thumbnail","hentry","category-destacado","category-edomex"],"_links":{"self":[{"href":"https:\/\/elinformante.mx\/index.php?rest_route=\/wp\/v2\/posts\/17873","targetHints":{"allow":["GET"]}}],"collection":[{"href":"https:\/\/elinformante.mx\/index.php?rest_route=\/wp\/v2\/posts"}],"about":[{"href":"https:\/\/elinformante.mx\/index.php?rest_route=\/wp\/v2\/types\/post"}],"author":[{"embeddable":true,"href":"https:\/\/elinformante.mx\/index.php?rest_route=\/wp\/v2\/users\/1"}],"replies":[{"embeddable":true,"href":"https:\/\/elinformante.mx\/index.php?rest_route=%2Fwp%2Fv2%2Fcomments&post=17873"}],"version-history":[{"count":0,"href":"https:\/\/elinformante.mx\/index.php?rest_route=\/wp\/v2\/posts\/17873\/revisions"}],"wp:featuredmedia":[{"embeddable":true,"href":"https:\/\/elinformante.mx\/index.php?rest_route=\/wp\/v2\/media\/17874"}],"wp:attachment":[{"href":"https:\/\/elinformante.mx\/index.php?rest_route=%2Fwp%2Fv2%2Fmedia&parent=17873"}],"wp:term":[{"taxonomy":"category","embeddable":true,"href":"https:\/\/elinformante.mx\/index.php?rest_route=%2Fwp%2Fv2%2Fcategories&post=17873"},{"taxonomy":"post_tag","embeddable":true,"href":"https:\/\/elinformante.mx\/index.php?rest_route=%2Fwp%2Fv2%2Ftags&post=17873"}],"curies":[{"name":"wp","href":"https:\/\/api.w.org\/{rel}","templated":true}]}}