{"id":17891,"date":"2023-01-13T15:35:44","date_gmt":"2023-01-13T15:35:44","guid":{"rendered":"https:\/\/elinformante.mx\/?p=17891"},"modified":"2023-01-30T16:56:47","modified_gmt":"2023-01-30T16:56:47","slug":"confirma-unam-muerte-de-alumna-en-prepa-2","status":"publish","type":"post","link":"https:\/\/elinformante.mx\/?p=17891","title":{"rendered":"Confirma UNAM muerte de alumna en Prepa 2"},"content":{"rendered":"\n<blockquote class=\"wp-block-quote is-layout-flow wp-block-quote-is-layout-flow\">\n<p>Personal ministerial, pericial, y de atenci\u00f3n a v\u00edctimas ya se encuentra en instalaciones de la Escuela Nacional Preparatoria N\u00b0 2 \u201cErasmo Castellanos Quinto\u201d.<\/p>\n<\/blockquote>\n\n\n\n<p>La Universidad Nacional Aut\u00f3noma de M\u00e9xico confirm\u00f3 el deceso de Alexandra \u201cN\u201d, alumna de la Preparatoria 2. La ma\u00f1ana de este jueves la Fiscal\u00eda General de Justicia de la Ciudad de M\u00e9xico (FGJCDMX) revel\u00f3 que integr\u00f3 \u201cuna investigaci\u00f3n por lo ocurrido\u201d.<br><\/p>\n\n\n\n<p>\u201cEl deceso ocurri\u00f3 alrededor de las 7.15 horas, luego de que nuestra alumna sufri\u00f3 un desvanecimiento y convulsion\u00f3 en el suelo. El m\u00e9dico del plantel acudi\u00f3 de inmediato a la emergencia, pero al llegar se percat\u00f3 de que la alumna ya no mostraba signos vitales\u201d, inform\u00f3 la m\u00e1xima casa de estudios mediante un comunicado.<br><\/p>\n\n\n\n<p>Asegur\u00f3 que las autoridades del plantel dieron aviso del \u201cirreparable acontecimiento\u201d a los familiares de Alexandra, a quienes se les acompa\u00f1a en su pesar y se les brinda asesor\u00eda jur\u00eddica.<br><\/p>\n\n\n\n<p>Por lo anterior, las autoridades determinaron la suspensi\u00f3n de las actividades escolares en el plantel.<br><\/p>\n\n\n\n<p>La UNAM, en particular la Escuela Nacional Preparatoria, expresan su m\u00e1s sentido p\u00e9same a la familia de Alexandra, a sus amigos y a la comunidad del plantel \u201cErasmo Castellanos Quinto\u201d.<\/p>\n","protected":false},"excerpt":{"rendered":"<p>Personal ministerial, pericial, y de atenci\u00f3n a v\u00edctimas ya se encuentra en instalaciones de la Escuela Nacional Preparatoria N\u00b0 2 \u201cErasmo Castellanos Quinto\u201d. La Universidad Nacional Aut\u00f3noma de M\u00e9xico confirm\u00f3 el deceso de Alexandra \u201cN\u201d, alumna de la Preparatoria 2. La ma\u00f1ana de este jueves la Fiscal\u00eda General de Justicia de la Ciudad de M\u00e9xico [&hellip;]<\/p>\n","protected":false},"author":1,"featured_media":17892,"comment_status":"open","ping_status":"open","sticky":false,"template":"","format":"standard","meta":{"footnotes":""},"categories":[35],"tags":[],"class_list":["post-17891","post","type-post","status-publish","format-standard","has-post-thumbnail","hentry","category-cdmx"],"_links":{"self":[{"href":"https:\/\/elinformante.mx\/index.php?rest_route=\/wp\/v2\/posts\/17891","targetHints":{"allow":["GET"]}}],"collection":[{"href":"https:\/\/elinformante.mx\/index.php?rest_route=\/wp\/v2\/posts"}],"about":[{"href":"https:\/\/elinformante.mx\/index.php?rest_route=\/wp\/v2\/types\/post"}],"author":[{"embeddable":true,"href":"https:\/\/elinformante.mx\/index.php?rest_route=\/wp\/v2\/users\/1"}],"replies":[{"embeddable":true,"href":"https:\/\/elinformante.mx\/index.php?rest_route=%2Fwp%2Fv2%2Fcomments&post=17891"}],"version-history":[{"count":0,"href":"https:\/\/elinformante.mx\/index.php?rest_route=\/wp\/v2\/posts\/17891\/revisions"}],"wp:featuredmedia":[{"embeddable":true,"href":"https:\/\/elinformante.mx\/index.php?rest_route=\/wp\/v2\/media\/17892"}],"wp:attachment":[{"href":"https:\/\/elinformante.mx\/index.php?rest_route=%2Fwp%2Fv2%2Fmedia&parent=17891"}],"wp:term":[{"taxonomy":"category","embeddable":true,"href":"https:\/\/elinformante.mx\/index.php?rest_route=%2Fwp%2Fv2%2Fcategories&post=17891"},{"taxonomy":"post_tag","embeddable":true,"href":"https:\/\/elinformante.mx\/index.php?rest_route=%2Fwp%2Fv2%2Ftags&post=17891"}],"curies":[{"name":"wp","href":"https:\/\/api.w.org\/{rel}","templated":true}]}}