{"id":17894,"date":"2023-01-13T15:36:12","date_gmt":"2023-01-13T15:36:12","guid":{"rendered":"https:\/\/elinformante.mx\/?p=17894"},"modified":"2023-01-30T16:56:44","modified_gmt":"2023-01-30T16:56:44","slug":"exigen-consejo-de-abogados-la-renuncia-de-la-ministra-yasmin-esquivel","status":"publish","type":"post","link":"https:\/\/elinformante.mx\/?p=17894","title":{"rendered":"Exigen Consejo de Abogados la renuncia de la ministra Yasm\u00edn Esquivel"},"content":{"rendered":"\n<blockquote class=\"wp-block-quote is-layout-flow wp-block-quote-is-layout-flow\">\n<p>El Consejo est\u00e1 integrado por la Asociaci\u00f3n Nacional de Abogados de Empresa (ANADE); la Barra Mexicana, Colegio de Abogados y el Ilustre y Nacional Colegio de Abogados de M\u00e9xico.<\/p>\n<\/blockquote>\n\n\n\n<p>El Consejo General de la Abogac\u00eda Mexicana (CGAM) consider\u00f3 que la ministra Yasm\u00edn Esquivel Mossa debe renunciar a su cargo en la Suprema Corte de Justicia de la Naci\u00f3n (SCJN), luego de que la UNAM concluy\u00f3 que plagi\u00f3 su tesis de licenciatura.<br><\/p>\n\n\n\n<p>A trav\u00e9s de un comunicado el Consejo, que re\u00fane a tres de los m\u00e1s importantes colegios de abogados del pa\u00eds, afirm\u00f3 que la permanencia de la ministra en la Corte \u201cafecta gravemente\u201d el prestigio de dicha instituci\u00f3n y, por ello, es \u201c\u00e9ticamente insostenible\u201d.<br><\/p>\n\n\n\n<p>\u201cIndependientemente de las implicaciones jur\u00eddicas y de los procedimientos que se deber\u00e1n seguir, la permanencia de la C. Esquivel Mossa como ministra de la Suprema Corte de Justicia de la Naci\u00f3n afecta gravemente el prestigio de nuestro alto Tribunal y, por tanto, es \u00e9ticamente insostenible\u201d, indic\u00f3 el Consejo.<br><\/p>\n\n\n\n<p>\u201cPor respeto a la sociedad mexicana, a la Suprema Corte de Justicia de la Naci\u00f3n y al estado de Derecho, se estima que la ministra Esquivel Mossa debe renunciar en los t\u00e9rminos del art\u00edculo 98, tercer p\u00e1rrafo de la Constituci\u00f3n Pol\u00edtica de los Estados Unidos Mexicanos\u201d.<br><\/p>\n\n\n\n<p>En su pronunciamiento, el Consejo record\u00f3 que el art\u00edculo 50, inciso a de la Ley Reglamentaria del Art\u00edculo Quinto Constitucional faculta a los colegios de profesionistas a vigilar el ejercicio profesional para que este se realice \u201cdentro del m\u00e1s alto plano legal y moral\u201d.<br><\/p>\n\n\n\n<p>El Consejo est\u00e1 integrado por la Asociaci\u00f3n Nacional de Abogados de Empresa (ANADE); la Barra Mexicana, Colegio de Abogados y el Ilustre y Nacional Colegio de Abogados de M\u00e9xico.<\/p>\n","protected":false},"excerpt":{"rendered":"<p>El Consejo est\u00e1 integrado por la Asociaci\u00f3n Nacional de Abogados de Empresa (ANADE); la Barra Mexicana, Colegio de Abogados y el Ilustre y Nacional Colegio de Abogados de M\u00e9xico. El Consejo General de la Abogac\u00eda Mexicana (CGAM) consider\u00f3 que la ministra Yasm\u00edn Esquivel Mossa debe renunciar a su cargo en la Suprema Corte de Justicia [&hellip;]<\/p>\n","protected":false},"author":1,"featured_media":17895,"comment_status":"open","ping_status":"open","sticky":false,"template":"","format":"standard","meta":{"footnotes":""},"categories":[34],"tags":[],"class_list":["post-17894","post","type-post","status-publish","format-standard","has-post-thumbnail","hentry","category-nacional"],"_links":{"self":[{"href":"https:\/\/elinformante.mx\/index.php?rest_route=\/wp\/v2\/posts\/17894","targetHints":{"allow":["GET"]}}],"collection":[{"href":"https:\/\/elinformante.mx\/index.php?rest_route=\/wp\/v2\/posts"}],"about":[{"href":"https:\/\/elinformante.mx\/index.php?rest_route=\/wp\/v2\/types\/post"}],"author":[{"embeddable":true,"href":"https:\/\/elinformante.mx\/index.php?rest_route=\/wp\/v2\/users\/1"}],"replies":[{"embeddable":true,"href":"https:\/\/elinformante.mx\/index.php?rest_route=%2Fwp%2Fv2%2Fcomments&post=17894"}],"version-history":[{"count":0,"href":"https:\/\/elinformante.mx\/index.php?rest_route=\/wp\/v2\/posts\/17894\/revisions"}],"wp:featuredmedia":[{"embeddable":true,"href":"https:\/\/elinformante.mx\/index.php?rest_route=\/wp\/v2\/media\/17895"}],"wp:attachment":[{"href":"https:\/\/elinformante.mx\/index.php?rest_route=%2Fwp%2Fv2%2Fmedia&parent=17894"}],"wp:term":[{"taxonomy":"category","embeddable":true,"href":"https:\/\/elinformante.mx\/index.php?rest_route=%2Fwp%2Fv2%2Fcategories&post=17894"},{"taxonomy":"post_tag","embeddable":true,"href":"https:\/\/elinformante.mx\/index.php?rest_route=%2Fwp%2Fv2%2Ftags&post=17894"}],"curies":[{"name":"wp","href":"https:\/\/api.w.org\/{rel}","templated":true}]}}