{"id":17899,"date":"2023-01-13T15:38:07","date_gmt":"2023-01-13T15:38:07","guid":{"rendered":"https:\/\/elinformante.mx\/?p=17899"},"modified":"2023-01-30T16:56:34","modified_gmt":"2023-01-30T16:56:34","slug":"guardia-nacional-reforzara-la-seguridad-del-metro-de-la-cdmx-sheinbaum","status":"publish","type":"post","link":"https:\/\/elinformante.mx\/?p=17899","title":{"rendered":"Guardia Nacional reforzar\u00e1 la seguridad del Metro de la CDMX: Sheinbaum"},"content":{"rendered":"\n<blockquote class=\"wp-block-quote is-layout-flow wp-block-quote-is-layout-flow\">\n<p>La Jefa de Gobierno detall\u00f3 que la decisi\u00f3n fue aprobada por AMLO a consecuencia de \u201cepisodios fuera de lo normal\u201d que ocurren en las instalaciones.<\/p>\n<\/blockquote>\n\n\n\n<p>A partir de las 14:00 horas de este 12 de enero, 6 mil 060 elementos de la Guardia Nacional asumir\u00e1n las labores de vigilancia en el Sistema de Transporte Colectivo- Metro (STC-Metro) de la Ciudad de M\u00e9xico, inform\u00f3 la Jefa de Gobierno de la Ciudad de M\u00e9xico, Claudia Sheinbaum.<br><\/p>\n\n\n\n<p>En la conferencia matutina de este jueves en Palacio Nacional, Sheinbaum detall\u00f3 la decisi\u00f3n se tom\u00f3 a ra\u00edz de los recientes incidentes ocurridos en diferentes L\u00edneas del Metro, entre ellos el choque de trenes en la L\u00ednea 3 el pasado s\u00e1bado, en el que muri\u00f3 Yaretzi, una joven de 18 a\u00f1os.<br><\/p>\n\n\n\n<p>Tambi\u00e9n mencion\u00f3 las fallas en la L\u00ednea 8 registradas el 10 de enero y el desalojo en la L\u00ednea 5 el mi\u00e9rcoles, luego de que se report\u00f3 un incendio en el and\u00e9n.<br><\/p>\n\n\n\n<p>La Jefa de Gobierno asegur\u00f3 que se trata de \u201cepisodios fuera de lo normal\u201d que ya se est\u00e1n atendiendo.<br><\/p>\n\n\n\n<p>Sin embargo, explic\u00f3 que a ra\u00edz de los \u00faltimos hechos ocurridos en las instalaciones del Metro opt\u00f3 por solicitar al presidente Andr\u00e9s Manuel L\u00f3pez Obrador la presencia de los elementos de la Guardia Nacional.<br><\/p>\n\n\n\n<p>Sheinbaum agreg\u00f3 que s\u00ed hay presupuesto para atender al Metro. Pero por \u201cseguridad y antes la preocupaci\u00f3n de la ciudadan\u00eda\u201d han optado por este apoyo.<br><\/p>\n\n\n\n<p>Al respecto, L\u00f3pez Obrador garantiz\u00f3 que la Jefa de Gobierno de la Ciudad de M\u00e9xico cuenta con todo el apoyo del gobierno.<br><\/p>\n\n\n\n<p>\u201cLa consideramos una mujer profesional, honesta, con mucha capacidad para gobernar\u201d, dijo.<br><\/p>\n\n\n\n<p>El presidente se\u00f1al\u00f3 que hay quienes est\u00e1n utilizando los recientes accidentes en el Metro para atacarla.<\/p>\n","protected":false},"excerpt":{"rendered":"<p>La Jefa de Gobierno detall\u00f3 que la decisi\u00f3n fue aprobada por AMLO a consecuencia de \u201cepisodios fuera de lo normal\u201d que ocurren en las instalaciones. A partir de las 14:00 horas de este 12 de enero, 6 mil 060 elementos de la Guardia Nacional asumir\u00e1n las labores de vigilancia en el Sistema de Transporte Colectivo- [&hellip;]<\/p>\n","protected":false},"author":1,"featured_media":17900,"comment_status":"open","ping_status":"open","sticky":false,"template":"","format":"standard","meta":{"footnotes":""},"categories":[35,30],"tags":[],"class_list":["post-17899","post","type-post","status-publish","format-standard","has-post-thumbnail","hentry","category-cdmx","category-destacado"],"_links":{"self":[{"href":"https:\/\/elinformante.mx\/index.php?rest_route=\/wp\/v2\/posts\/17899","targetHints":{"allow":["GET"]}}],"collection":[{"href":"https:\/\/elinformante.mx\/index.php?rest_route=\/wp\/v2\/posts"}],"about":[{"href":"https:\/\/elinformante.mx\/index.php?rest_route=\/wp\/v2\/types\/post"}],"author":[{"embeddable":true,"href":"https:\/\/elinformante.mx\/index.php?rest_route=\/wp\/v2\/users\/1"}],"replies":[{"embeddable":true,"href":"https:\/\/elinformante.mx\/index.php?rest_route=%2Fwp%2Fv2%2Fcomments&post=17899"}],"version-history":[{"count":0,"href":"https:\/\/elinformante.mx\/index.php?rest_route=\/wp\/v2\/posts\/17899\/revisions"}],"wp:featuredmedia":[{"embeddable":true,"href":"https:\/\/elinformante.mx\/index.php?rest_route=\/wp\/v2\/media\/17900"}],"wp:attachment":[{"href":"https:\/\/elinformante.mx\/index.php?rest_route=%2Fwp%2Fv2%2Fmedia&parent=17899"}],"wp:term":[{"taxonomy":"category","embeddable":true,"href":"https:\/\/elinformante.mx\/index.php?rest_route=%2Fwp%2Fv2%2Fcategories&post=17899"},{"taxonomy":"post_tag","embeddable":true,"href":"https:\/\/elinformante.mx\/index.php?rest_route=%2Fwp%2Fv2%2Ftags&post=17899"}],"curies":[{"name":"wp","href":"https:\/\/api.w.org\/{rel}","templated":true}]}}