{"id":17904,"date":"2023-01-13T15:38:49","date_gmt":"2023-01-13T15:38:49","guid":{"rendered":"https:\/\/elinformante.mx\/?p=17904"},"modified":"2023-01-30T16:56:22","modified_gmt":"2023-01-30T16:56:22","slug":"bmw-abrira-nueva-planta-de-vehiculos-electricos-en-slp","status":"publish","type":"post","link":"https:\/\/elinformante.mx\/?p=17904","title":{"rendered":"BMW abrir\u00e1 nueva planta de veh\u00edculos el\u00e9ctricos en SLP"},"content":{"rendered":"\n<blockquote class=\"wp-block-quote is-layout-flow wp-block-quote-is-layout-flow\">\n<p>El gobernador potosino pidi\u00f3 prudencia ante los procesos y los tiempos, en tanto la empresa hace oficial el anuncio<\/p>\n<\/blockquote>\n\n\n\n<p>El gobernador Ricardo Gallardo Cardona confirm\u00f3 como \u201cun hecho\u201d el anuncio del presidente Andr\u00e9s Manuel L\u00f3pez Obrador de que la automotriz alemana BMW eligi\u00f3 a San Luis Potos\u00ed para la construcci\u00f3n de su nueva planta de veh\u00edculos completamente el\u00e9ctricos, y cuyo anuncio oficial se har\u00eda en el mes de febrero.<br><\/p>\n\n\n\n<p>El mandatario refiri\u00f3 que \u201ces un tema que ya tiene un a\u00f1o trabaj\u00e1ndose, entonces queremos seguir cuidando las formas de BMW. Bueno, ya se los hab\u00edamos anticipado, es un hecho, pero hay que esperar los tiempos de la empresa\u201d.<br><\/p>\n\n\n\n<p>Dijo adem\u00e1s que representa todo un reto para el estado y se tendr\u00e1 que hacer \u201ctodo lo que tengamos que hacer\u201d, refiri\u00e9ndose a temas de infraestructura solicitados por la propia empresa como un nuevo puente vehicular de acceso a su planta, la incorporaci\u00f3n de 20 hect\u00e1reas m\u00e1s al terreno del que ya disponen, as\u00ed como concluir la V\u00eda Alterna a la Zona Industrial.<br><\/p>\n\n\n\n<p>Gallardo Cardona indic\u00f3 que se har\u00e1 todo para que cuando entre en operaciones la planta, el estado ya est\u00e9 listo con todo lo que se necesite, \u201clo vamos a hacer sin ning\u00fan problema\u201d, confi\u00f3. Asimismo indic\u00f3 que esta decisi\u00f3n, sin duda, significa hablar de que \u201chab\u00eda un San Luis Potos\u00ed de antes, y ahora, con esta decisi\u00f3n, habr\u00e1 un nuevo San Luis Potos\u00ed\u201d.<br><\/p>\n\n\n\n<p>Indic\u00f3 que no precisamente por el tema espec\u00edfico de la planta o por el dinero que se va a invertir, sino por las nuevas tecnolog\u00edas que van a llegar al estado, porque no es s\u00f3lo BMW sino que vendr\u00e1n muchas m\u00e1s empresas del sector tecnol\u00f3gico como proveedoras y eso es de gran relevancia \u201ces algo que San Luis Potos\u00ed nunca lo hab\u00eda tenido, eso equivale a traer dos o tres General Motors\u201d, concluy\u00f3.<\/p>\n","protected":false},"excerpt":{"rendered":"<p>El gobernador potosino pidi\u00f3 prudencia ante los procesos y los tiempos, en tanto la empresa hace oficial el anuncio El gobernador Ricardo Gallardo Cardona confirm\u00f3 como \u201cun hecho\u201d el anuncio del presidente Andr\u00e9s Manuel L\u00f3pez Obrador de que la automotriz alemana BMW eligi\u00f3 a San Luis Potos\u00ed para la construcci\u00f3n de su nueva planta de [&hellip;]<\/p>\n","protected":false},"author":1,"featured_media":17905,"comment_status":"open","ping_status":"open","sticky":false,"template":"","format":"standard","meta":{"footnotes":""},"categories":[34],"tags":[],"class_list":["post-17904","post","type-post","status-publish","format-standard","has-post-thumbnail","hentry","category-nacional"],"_links":{"self":[{"href":"https:\/\/elinformante.mx\/index.php?rest_route=\/wp\/v2\/posts\/17904","targetHints":{"allow":["GET"]}}],"collection":[{"href":"https:\/\/elinformante.mx\/index.php?rest_route=\/wp\/v2\/posts"}],"about":[{"href":"https:\/\/elinformante.mx\/index.php?rest_route=\/wp\/v2\/types\/post"}],"author":[{"embeddable":true,"href":"https:\/\/elinformante.mx\/index.php?rest_route=\/wp\/v2\/users\/1"}],"replies":[{"embeddable":true,"href":"https:\/\/elinformante.mx\/index.php?rest_route=%2Fwp%2Fv2%2Fcomments&post=17904"}],"version-history":[{"count":0,"href":"https:\/\/elinformante.mx\/index.php?rest_route=\/wp\/v2\/posts\/17904\/revisions"}],"wp:featuredmedia":[{"embeddable":true,"href":"https:\/\/elinformante.mx\/index.php?rest_route=\/wp\/v2\/media\/17905"}],"wp:attachment":[{"href":"https:\/\/elinformante.mx\/index.php?rest_route=%2Fwp%2Fv2%2Fmedia&parent=17904"}],"wp:term":[{"taxonomy":"category","embeddable":true,"href":"https:\/\/elinformante.mx\/index.php?rest_route=%2Fwp%2Fv2%2Fcategories&post=17904"},{"taxonomy":"post_tag","embeddable":true,"href":"https:\/\/elinformante.mx\/index.php?rest_route=%2Fwp%2Fv2%2Ftags&post=17904"}],"curies":[{"name":"wp","href":"https:\/\/api.w.org\/{rel}","templated":true}]}}