{"id":17907,"date":"2023-01-13T15:39:23","date_gmt":"2023-01-13T15:39:23","guid":{"rendered":"https:\/\/elinformante.mx\/?p=17907"},"modified":"2023-01-30T16:56:19","modified_gmt":"2023-01-30T16:56:19","slug":"incendios-forestales-alertan-a-queretaro","status":"publish","type":"post","link":"https:\/\/elinformante.mx\/?p=17907","title":{"rendered":"Incendios forestales alertan a Quer\u00e9taro"},"content":{"rendered":"\n<blockquote class=\"wp-block-quote is-layout-flow wp-block-quote-is-layout-flow\">\n<p>En el caso de Quer\u00e9taro y sus entidades vecinas, al ser una regi\u00f3n semi\u00e1rida, se correr\u00e1 riesgo de que los incendios no urbanos sean altos por el contraste de fr\u00edos y altas temperaturas para la entrada de la primavera<\/p>\n<\/blockquote>\n\n\n\n<p>Mar\u00eda Isabel Cruz, subcoordinadora de Percepci\u00f3n Remota de la Comisi\u00f3n Nacional para el Conocimiento y Uso de la Biodiversidad (Conabio), coment\u00f3 que la \u00e9poca invernal sigue vigente y se espera que enero tenga mayor incidencia de bajas temperaturas que diciembre y noviembre. Dicha situaci\u00f3n provoca en zonas rurales y boscosas una alta cantidad de material combustible que desembocar\u00e1 en una factible fuerte temporada de incendios.<br><\/p>\n\n\n\n<p>En el caso de Quer\u00e9taro y sus entidades vecinas, al ser una regi\u00f3n semi\u00e1rida, se correr\u00e1 riesgo de que los incendios no urbanos sea alta por el contraste de fr\u00edos y altas temperaturas para la entrada de la primavera.<br><\/p>\n\n\n\n<p>La mayor parte del territorio queretano se encuentra en un nivel de riesgo medio y alto de presentar un incendio forestal. La zona rural que rodea a la capital se considera con riesgo alto; de igual manera, la zona semides\u00e9rtica presenta alta probabilidad para los incendios, de acuerdo con el mapa de Peligro Meteorol\u00f3gico para Incendios, realizado por la Comisi\u00f3n Nacional del Agua (Conagua).<br><\/p>\n\n\n\n<p>La subcoordinadora mencion\u00f3 que hace falta mayor cultura del fuego en las zonas rurales y las quemas agr\u00edcolas requieren siempre estar asesoradas, porque en muchas ocasiones se salen de control de los ejidatarios y acaban provocando incendios.<\/p>\n","protected":false},"excerpt":{"rendered":"<p>En el caso de Quer\u00e9taro y sus entidades vecinas, al ser una regi\u00f3n semi\u00e1rida, se correr\u00e1 riesgo de que los incendios no urbanos sean altos por el contraste de fr\u00edos y altas temperaturas para la entrada de la primavera Mar\u00eda Isabel Cruz, subcoordinadora de Percepci\u00f3n Remota de la Comisi\u00f3n Nacional para el Conocimiento y Uso [&hellip;]<\/p>\n","protected":false},"author":1,"featured_media":17908,"comment_status":"open","ping_status":"open","sticky":false,"template":"","format":"standard","meta":{"footnotes":""},"categories":[34],"tags":[],"class_list":["post-17907","post","type-post","status-publish","format-standard","has-post-thumbnail","hentry","category-nacional"],"_links":{"self":[{"href":"https:\/\/elinformante.mx\/index.php?rest_route=\/wp\/v2\/posts\/17907","targetHints":{"allow":["GET"]}}],"collection":[{"href":"https:\/\/elinformante.mx\/index.php?rest_route=\/wp\/v2\/posts"}],"about":[{"href":"https:\/\/elinformante.mx\/index.php?rest_route=\/wp\/v2\/types\/post"}],"author":[{"embeddable":true,"href":"https:\/\/elinformante.mx\/index.php?rest_route=\/wp\/v2\/users\/1"}],"replies":[{"embeddable":true,"href":"https:\/\/elinformante.mx\/index.php?rest_route=%2Fwp%2Fv2%2Fcomments&post=17907"}],"version-history":[{"count":0,"href":"https:\/\/elinformante.mx\/index.php?rest_route=\/wp\/v2\/posts\/17907\/revisions"}],"wp:featuredmedia":[{"embeddable":true,"href":"https:\/\/elinformante.mx\/index.php?rest_route=\/wp\/v2\/media\/17908"}],"wp:attachment":[{"href":"https:\/\/elinformante.mx\/index.php?rest_route=%2Fwp%2Fv2%2Fmedia&parent=17907"}],"wp:term":[{"taxonomy":"category","embeddable":true,"href":"https:\/\/elinformante.mx\/index.php?rest_route=%2Fwp%2Fv2%2Fcategories&post=17907"},{"taxonomy":"post_tag","embeddable":true,"href":"https:\/\/elinformante.mx\/index.php?rest_route=%2Fwp%2Fv2%2Ftags&post=17907"}],"curies":[{"name":"wp","href":"https:\/\/api.w.org\/{rel}","templated":true}]}}