{"id":17913,"date":"2023-01-13T15:40:41","date_gmt":"2023-01-13T15:40:41","guid":{"rendered":"https:\/\/elinformante.mx\/?p=17913"},"modified":"2023-01-30T16:56:11","modified_gmt":"2023-01-30T16:56:11","slug":"anuncia-ebrard-la-apertura-de-cinco-nuevas-embajadas-mexicanas","status":"publish","type":"post","link":"https:\/\/elinformante.mx\/?p=17913","title":{"rendered":"Anuncia Ebrard la apertura de cinco nuevas embajadas mexicanas"},"content":{"rendered":"\n<p>M\u00e9xico abrir\u00e1 en 2023 cinco nuevas embajadas: en Kazajist\u00e1n, Bangladesh, Pakist\u00e1n, Costa de Marfil y Senegal, anunci\u00f3 este jueves el canciller Marcelo Ebrard.<br><\/p>\n\n\n\n<p>En una reuni\u00f3n privada con la diplomacia mexicana, celebrada como parte de la 34 Reuni\u00f3n de Embajadores y C\u00f3nsules (REC), el secretario de Relaciones Exteriores agreg\u00f3 que tambi\u00e9n se incrementar\u00e1 la red consular en Estados Unidos y pidi\u00f3 el apoyo del Servicio Exterior Mexiano (SEM) para ampliar la presencia de M\u00e9xico en el mundo.<br><\/p>\n\n\n\n<p>Ebrard a\u00f1adi\u00f3 que el presidente Andr\u00e9s Manuel L\u00f3pez Obrador ha dispuesto que la asignaci\u00f3n de las nuevas embajadas sea por concurso entre los miembros del SEM, lo que es, dijo, un nuevo m\u00e9todo, seg\u00fan la grabaci\u00f3n de la reuni\u00f3n difundida por la Canciller\u00eda.<br><\/p>\n\n\n\n<p>\u201cSer\u00e1n todas estas embajadas determinadas por un concurso que vamos a organizar para que en tiempo y forma podamos tener esta representaci\u00f3n\u201d, dijo.<br><\/p>\n\n\n\n<p>Agreg\u00f3 que tambi\u00e9n se seguir\u00e1 trabajando para fortalecer los consulados en China e India, cuya labor principal no es la protecci\u00f3n de la comunidad mexicana, pues es muy baja la presencia de connacionales en esas naciones, sino la representaci\u00f3n de los intereses mexicanos.<br><\/p>\n\n\n\n<p>Ebrard enumer\u00f3 algunas de las prioridades de la pol\u00edtica exterior mexicana, como trabajar para disminuir el tr\u00e1fico il\u00edcito de armas a M\u00e9xico, pues dijo que el poder de fuego de las organizaciones criminales est\u00e1 creciendo; continuar la profundizaci\u00f3n de las relaciones con Am\u00e9rica Latina, para lo que consider\u00f3 que hay \u201cuna oportunidad de oro\u201d con la llegada de Luiz In\u00e1cio Lula da Silva al poder en Brasil; y concretar el Acuerdo Global M\u00e9xico-Uni\u00f3n Europea, entre otros temas.<br><\/p>\n\n\n\n<p>En la reuni\u00f3n, en la que participaron Alejandro Armenta, presidente de la mesa directiva del Senado, las senadora Beatriz Paredes, Gina Cruz y Nancy de la Sierra, as\u00ed como el coordinador de Morena en el Senado, Ricardo Monreal, entre otros, el canciller Ebrard agradeci\u00f3 a los legisladores por su apoyo para incrementar el presupuesto de la Secretar\u00eda de Relaciones Exteriores (SRE).<br><\/p>\n\n\n\n<p>A\u00f1adi\u00f3 que \u201ceste respaldo que nos dieron la C\u00e1mara de Diputados y de Senadores ha tra\u00eddo consigo no solo m\u00e1s presupuesto, sino que podamos, con certidumbre, planear cosas que son relevantes para la Canciller\u00eda\u201d.<br><\/p>\n\n\n\n<p>Ebrard dijo que la SRE tambi\u00e9n ha tenido el respaldo de L\u00f3pez Obrador para incrementar su presupuesto. \u201cCreo que somos de las pocas o quiz\u00e1s la \u00fanica dependencias que tienen en t\u00e9rminos reales un presupuesto mejor en 2023 que en 2022\u201d, opin\u00f3.<br><\/p>\n\n\n\n<p>Ebrard puntualiz\u00f3 que este a\u00f1o tambi\u00e9n fue autorizado un nuevo concurso de cien plazas para el Servicio Exterior Mexicano (SEM). A\u00f1adi\u00f3 que estos concursos tienen dos objetivos principales: asegurar la paridad de g\u00e9nero en la SRE, porque se trata de un concurso paritario; y conseguir que en las representaciones en el exterior \u201ctengamos al personal especializado que necesitamos, porque no lo tenemos\u201d.<\/p>\n","protected":false},"excerpt":{"rendered":"<p>M\u00e9xico abrir\u00e1 en 2023 cinco nuevas embajadas: en Kazajist\u00e1n, Bangladesh, Pakist\u00e1n, Costa de Marfil y Senegal, anunci\u00f3 este jueves el canciller Marcelo Ebrard. En una reuni\u00f3n privada con la diplomacia mexicana, celebrada como parte de la 34 Reuni\u00f3n de Embajadores y C\u00f3nsules (REC), el secretario de Relaciones Exteriores agreg\u00f3 que tambi\u00e9n se incrementar\u00e1 la red [&hellip;]<\/p>\n","protected":false},"author":1,"featured_media":17914,"comment_status":"open","ping_status":"open","sticky":false,"template":"","format":"standard","meta":{"footnotes":""},"categories":[34],"tags":[],"class_list":["post-17913","post","type-post","status-publish","format-standard","has-post-thumbnail","hentry","category-nacional"],"_links":{"self":[{"href":"https:\/\/elinformante.mx\/index.php?rest_route=\/wp\/v2\/posts\/17913","targetHints":{"allow":["GET"]}}],"collection":[{"href":"https:\/\/elinformante.mx\/index.php?rest_route=\/wp\/v2\/posts"}],"about":[{"href":"https:\/\/elinformante.mx\/index.php?rest_route=\/wp\/v2\/types\/post"}],"author":[{"embeddable":true,"href":"https:\/\/elinformante.mx\/index.php?rest_route=\/wp\/v2\/users\/1"}],"replies":[{"embeddable":true,"href":"https:\/\/elinformante.mx\/index.php?rest_route=%2Fwp%2Fv2%2Fcomments&post=17913"}],"version-history":[{"count":0,"href":"https:\/\/elinformante.mx\/index.php?rest_route=\/wp\/v2\/posts\/17913\/revisions"}],"wp:featuredmedia":[{"embeddable":true,"href":"https:\/\/elinformante.mx\/index.php?rest_route=\/wp\/v2\/media\/17914"}],"wp:attachment":[{"href":"https:\/\/elinformante.mx\/index.php?rest_route=%2Fwp%2Fv2%2Fmedia&parent=17913"}],"wp:term":[{"taxonomy":"category","embeddable":true,"href":"https:\/\/elinformante.mx\/index.php?rest_route=%2Fwp%2Fv2%2Fcategories&post=17913"},{"taxonomy":"post_tag","embeddable":true,"href":"https:\/\/elinformante.mx\/index.php?rest_route=%2Fwp%2Fv2%2Ftags&post=17913"}],"curies":[{"name":"wp","href":"https:\/\/api.w.org\/{rel}","templated":true}]}}