{"id":17916,"date":"2023-01-13T15:41:23","date_gmt":"2023-01-13T15:41:23","guid":{"rendered":"https:\/\/elinformante.mx\/?p=17916"},"modified":"2023-01-30T16:56:08","modified_gmt":"2023-01-30T16:56:08","slug":"mexico-en-busca-de-acuerdo-con-mineras-de-litio-amlo","status":"publish","type":"post","link":"https:\/\/elinformante.mx\/?p=17916","title":{"rendered":"M\u00e9xico en busca de acuerdo con mineras de litio: AMLO"},"content":{"rendered":"\n<blockquote class=\"wp-block-quote is-layout-flow wp-block-quote-is-layout-flow\">\n<p>El presidente L\u00f3pez Obrador dijo que el gobierno est\u00e1 buscando llegar a un acuerdo con las empresas para que acepten el nuevo marco. Pero reconoci\u00f3 que el asunto puede terminar en los tribunales.<\/p>\n<\/blockquote>\n\n\n\n<p>El presidente de M\u00e9xico dijo el jueves que el gobierno est\u00e1 en conversaciones para persuadir a las empresas que han iniciado proyectos de miner\u00eda de litio en M\u00e9xico para que renuncien a sus planes.<br><\/p>\n\n\n\n<p>El presidente Andr\u00e9s Manuel L\u00f3pez Obrador no dijo en qu\u00e9 consist\u00edan dichas conversaciones o si se ofrecer\u00eda una compensaci\u00f3n a las empresas, pero dej\u00f3 en claro que, independientemente de lo que se les permita extraer \u2013o ayuden al gobierno a extraer\u2013 no se les permitir\u00e1 producir litio por su cuenta.<br><\/p>\n\n\n\n<p>En 2022, M\u00e9xico nacionaliz\u00f3 la miner\u00eda y extracci\u00f3n de litio, decidiendo que una empresa estatal tuviera derechos exclusivos para extraer el metal utilizado en bater\u00edas de autom\u00f3viles el\u00e9ctricos y otros dispositivos.<br><\/p>\n\n\n\n<p>L\u00f3pez Obrador dijo que \u201cuno o dos\u201d empresas han iniciado proyectos, aunque no hab\u00edan obtenido todos los permisos necesarios, como para el uso del agua o declaraciones de impacto ambiental.<br><\/p>\n\n\n\n<p>El presidente agreg\u00f3 que el gobierno est\u00e1 buscando llegar a un acuerdo con ellos para aceptar el nuevo marco. Pero reconoci\u00f3 que el asunto puede terminar en los tribunales.<br><\/p>\n\n\n\n<p>\u201cLos abogados lo est\u00e1n viendo, y se va a hablar con estas empresas, pero no est\u00e1 legalizada la concesi\u00f3n. Nosotros vamos a defender lo que es de la naci\u00f3n. Lo que estamos buscando es llegar a un acuerdo con ellos en este nuevo marco\u201d, indic\u00f3 el presidente.<br><\/p>\n\n\n\n<p>El gobierno mexicano no tiene experiencia en la miner\u00eda de litio.<br><\/p>\n\n\n\n<p>Solo una mina de litio en M\u00e9xico, operada por una empresa china en el estado norte\u00f1o de Sonora, est\u00e1 cerca de comenzar la producci\u00f3n.<br><\/p>\n\n\n\n<p>Esa operaci\u00f3n, Bacanora Lithium, parece ser la \u00fanica mina de litio privada viable de M\u00e9xico y se esperaba que comenzara a producir en 2023. Es propiedad del gigante chino de litio Ganfeng International.<br><\/p>\n\n\n\n<p>En un momento, el gobierno hab\u00eda dicho que las ocho concesiones para la miner\u00eda de litio ya otorgadas en M\u00e9xico se respetar\u00edan siempre que estuvieran en camino de producir el metal.<\/p>\n","protected":false},"excerpt":{"rendered":"<p>El presidente L\u00f3pez Obrador dijo que el gobierno est\u00e1 buscando llegar a un acuerdo con las empresas para que acepten el nuevo marco. Pero reconoci\u00f3 que el asunto puede terminar en los tribunales. El presidente de M\u00e9xico dijo el jueves que el gobierno est\u00e1 en conversaciones para persuadir a las empresas que han iniciado proyectos [&hellip;]<\/p>\n","protected":false},"author":1,"featured_media":17917,"comment_status":"open","ping_status":"open","sticky":false,"template":"","format":"standard","meta":{"footnotes":""},"categories":[30,34],"tags":[],"class_list":["post-17916","post","type-post","status-publish","format-standard","has-post-thumbnail","hentry","category-destacado","category-nacional"],"_links":{"self":[{"href":"https:\/\/elinformante.mx\/index.php?rest_route=\/wp\/v2\/posts\/17916","targetHints":{"allow":["GET"]}}],"collection":[{"href":"https:\/\/elinformante.mx\/index.php?rest_route=\/wp\/v2\/posts"}],"about":[{"href":"https:\/\/elinformante.mx\/index.php?rest_route=\/wp\/v2\/types\/post"}],"author":[{"embeddable":true,"href":"https:\/\/elinformante.mx\/index.php?rest_route=\/wp\/v2\/users\/1"}],"replies":[{"embeddable":true,"href":"https:\/\/elinformante.mx\/index.php?rest_route=%2Fwp%2Fv2%2Fcomments&post=17916"}],"version-history":[{"count":0,"href":"https:\/\/elinformante.mx\/index.php?rest_route=\/wp\/v2\/posts\/17916\/revisions"}],"wp:featuredmedia":[{"embeddable":true,"href":"https:\/\/elinformante.mx\/index.php?rest_route=\/wp\/v2\/media\/17917"}],"wp:attachment":[{"href":"https:\/\/elinformante.mx\/index.php?rest_route=%2Fwp%2Fv2%2Fmedia&parent=17916"}],"wp:term":[{"taxonomy":"category","embeddable":true,"href":"https:\/\/elinformante.mx\/index.php?rest_route=%2Fwp%2Fv2%2Fcategories&post=17916"},{"taxonomy":"post_tag","embeddable":true,"href":"https:\/\/elinformante.mx\/index.php?rest_route=%2Fwp%2Fv2%2Ftags&post=17916"}],"curies":[{"name":"wp","href":"https:\/\/api.w.org\/{rel}","templated":true}]}}