{"id":17919,"date":"2023-01-13T15:41:58","date_gmt":"2023-01-13T15:41:58","guid":{"rendered":"https:\/\/elinformante.mx\/?p=17919"},"modified":"2023-01-30T16:56:04","modified_gmt":"2023-01-30T16:56:04","slug":"mucho-ruido-y-pocas-nueces-con-la-cumbre-de-norteamerica","status":"publish","type":"post","link":"https:\/\/elinformante.mx\/?p=17919","title":{"rendered":"Mucho ruido y pocas nueces con la Cumbre de Norteam\u00e9rica"},"content":{"rendered":"\n<blockquote class=\"wp-block-quote is-layout-flow wp-block-quote-is-layout-flow\">\n<p>Pablo \u00c1lvarez Icaza Longortia<\/p>\n<\/blockquote>\n\n\n\n<p>La X Cumbre de L\u00edderes de Am\u00e9rica del Norte realizada el pasado martes estaba precedida de una gran expectativa por las controversias comerciales con Estados Unidos y Canad\u00e1, se pensaba y deseaba que podr\u00eda contribuir a resolverlas. Adem\u00e1s, ser\u00eda la segunda que se realizar\u00eda con los actuales mandatarios de la regi\u00f3n, luego de que la anterior se llev\u00f3 a cabo en noviembre de 2021, que hab\u00eda establecido como objetivo principal fortalecer la competitividad regional.<br><\/p>\n\n\n\n<p>Originalmente, la reuni\u00f3n se hab\u00eda programado para noviembre de 2022, pero se pospuso para este a\u00f1o por problemas de agenda y dar tiempo para buscar que se lograra un arreglo conciliatorio y evitar que se instale un panel de controversias sobre la demanda presentada por Estados Unidos en julio y respaldada por Canad\u00e1 relativas a la violaci\u00f3n de cuatro cap\u00edtulos relacionados con el tema energ\u00e9tico y especialmente con la industria el\u00e9ctrica, as\u00ed como para evitar una demanda por la prohibici\u00f3n de importaci\u00f3n de ma\u00edz transg\u00e9nico de parte de M\u00e9xico, que no se cancel\u00f3 sino que se pospuso hasta 2025.<br><\/p>\n\n\n\n<p>La canciller\u00eda mexicana hab\u00eda anticipado que los temas que se abordar\u00edan en la cumbre entre los tres presidentes ser\u00edan: diversidad, equidad e inclusi\u00f3n; cambio clim\u00e1tico y ambiente; migraci\u00f3n y desarrollo; competitividad, salud y seguridad. Salvo los tres primeros, que se firm\u00f3 un compromiso entre los tres pa\u00edses, y el de migraci\u00f3n donde previo al encuentro, M\u00e9xico ya hab\u00eda aceptado albergar a 30 mil migrantes, especialmente venezolanos y haitianos, expulsados de EU, los restantes quedaron m\u00e1s en declaraciones de car\u00e1cter general.<br><\/p>\n\n\n\n<p>Sobre el espinoso tema energ\u00e9tico, no hubo ni siquiera menciones particulares. No sabemos si en las pl\u00e1ticas privadas se abord\u00f3, o si ante la negativa mexicana de modificar decisiones para evitar el panel de controversias, los funcionarios de los tres pa\u00edses prefieren que el asunto se resuelva en el \u00e1mbito del Tratado comercial entre M\u00e9xico, Estados Unidos y Canad\u00e1 (T-MEC). Cabe recordar, que el viernes pasado, el primer ministro Justin Trudeau hab\u00eda declarado a Reuters que en su visita a M\u00e9xico le pedir\u00eda al presidente mexicano que cumpla los compromisos pactados, en alusi\u00f3n al panel de controversias.<br><\/p>\n\n\n\n<p>Trudeau en reuniones con el sector privado y en sus participaciones p\u00fablicas fue muy insistente en impulsar la transici\u00f3n hacia veh\u00edculos el\u00e9ctricos, lo que implicaba promover inversiones en toda la cadena de valor que va desde fomentar actividades en minerales cr\u00edticos, que proveen los insumos para las bater\u00edas, reactivar la producci\u00f3n de semiconductores para reducir la dependencia de Norteam\u00e9rica de Taiw\u00e1n a promover la producci\u00f3n de ese tipo de veh\u00edculos considerando que el Congreso norteamericano aprob\u00f3 incluir en los subsidios a las empresas que incorporen componentes producidos en Canad\u00e1 y M\u00e9xico, e incluso que sean elaborados en la regi\u00f3n. Sin embargo, no hubo una respuesta clara al planteamiento.<br><\/p>\n\n\n\n<p>Lo que s\u00ed ha quedado de manifiesto a trav\u00e9s de los reportes de la prensa de Estados Unidos (EU), es que a pesar del ambiente recesivo y de las elevadas tasas de inter\u00e9s, est\u00e1 habiendo una ola de inversiones para estimular la producci\u00f3n de veh\u00edculos el\u00e9ctricos, as\u00ed como de semiconductores y componentes para estas f\u00e1bricas especialmente en la zona sur de EU, pero no allende sus fronteras. Muchas de estas inversiones se hab\u00edan decidido por bajos precios de la electricidad en esos estados y por garant\u00eda de suministro sin interrupciones.<br><\/p>\n\n\n\n<p>La prensa mexicana le dio mucha difusi\u00f3n a una nota de Bloomberg a finales de a\u00f1o, que se\u00f1alaba que Elon Musk, el CEO de Tesla, hab\u00eda visitado Nuevo Le\u00f3n para contemplar la posibilidad de instalar alguna planta, pero lo que apenas era una idea, se presentaba ilusamente como un proyecto en marcha. La realidad es que M\u00e9xico no ofrece las condiciones que buscan los inversionistas y no existe la confianza para realizar inversiones cuantiosas, considerando las limitaciones de la infraestructura y de seguridad.<br><\/p>\n\n\n\n<p>Mientras que en noviembre de 2021 se hablaba de la necesaria integraci\u00f3n energ\u00e9tica, de la preocupaci\u00f3n sobre el cambio clim\u00e1tico y el las energ\u00edas limpias, a principios de 2023 ha quedado de manifiesto que M\u00e9xico ha priorizado el uso de energ\u00edas f\u00f3siles y fortalecer los monopolios estatales bajo el argumento de defender su soberan\u00eda, por lo que las posturas con sus socios comerciales no pueden ser convergentes.<br><\/p>\n\n\n\n<p>Muchos analistas han insistido en la ventana de posibilidades que se le ha abierto a la econom\u00eda mexicana ante la decisi\u00f3n de muchas empresas, principalmente, norteamericanas, de relocalizar inversiones en China cerca de la regi\u00f3n ante los crecientes conflictos geopol\u00edticos y las restricciones de funcionamiento impuestas por los gobiernos; sin embargo, \u00e9sta no ser\u00e1 tan amplia si el gobierno insiste en seguir con su pol\u00edtica el\u00e9ctrica.<br><\/p>\n\n\n\n<p>Mientras tanto el gobierno mexicano insiste en impulsar la sustituci\u00f3n de importaciones de Am\u00e9rica del Norte, creando un comit\u00e9 al respecto donde prevalece una visi\u00f3n proteccionista del comercio exterior; mientras que los temas de fondo que realmente preocupan, como la resoluci\u00f3n de las controversias que tenemos con nuestros socios comerciales, se dirimir\u00e1n en las instancias del T-MEC.<br><\/p>\n\n\n\n<p>El espacio pol\u00edtico para resolver temas estrat\u00e9gicos en el marco de la Cumbre se agot\u00f3 y opin\u00f3 que la pr\u00f3xima la ser\u00e1 hasta el pr\u00f3ximo sexenio. M\u00e1s all\u00e1 de las apariencias, los t\u00e9rminos de la conversaci\u00f3n entre el presidente de M\u00e9xico y sus hom\u00f3logos fueron diferentes y parec\u00eda que estaban hablando distintos idiomas, como si el di\u00e1logo resultara imposible, por lo que los visitantes prefirieron ser diplom\u00e1ticos y de manera educada evitaron la confrontaci\u00f3n.<br><\/p>\n\n\n\n<p>El tema energ\u00e9tico se resolver\u00e1 en el panel de controversias, a pesar de la advertencia de los expertos de que a M\u00e9xico no le conven\u00eda llegar a esa instancia, pero el tiempo y la paciencia de los demandantes se agot\u00f3. Parece un deja vu, de la visita que hizo el presidente de M\u00e9xico a Washington en julio pasado, cuando unos d\u00edas despu\u00e9s se present\u00f3 la demanda por violaci\u00f3n al T-MEC.<\/p>\n","protected":false},"excerpt":{"rendered":"<p>Pablo \u00c1lvarez Icaza Longortia La X Cumbre de L\u00edderes de Am\u00e9rica del Norte realizada el pasado martes estaba precedida de una gran expectativa por las controversias comerciales con Estados Unidos y Canad\u00e1, se pensaba y deseaba que podr\u00eda contribuir a resolverlas. Adem\u00e1s, ser\u00eda la segunda que se realizar\u00eda con los actuales mandatarios de la regi\u00f3n, [&hellip;]<\/p>\n","protected":false},"author":1,"featured_media":17920,"comment_status":"open","ping_status":"open","sticky":false,"template":"","format":"standard","meta":{"footnotes":""},"categories":[32],"tags":[],"class_list":["post-17919","post","type-post","status-publish","format-standard","has-post-thumbnail","hentry","category-editorial"],"_links":{"self":[{"href":"https:\/\/elinformante.mx\/index.php?rest_route=\/wp\/v2\/posts\/17919","targetHints":{"allow":["GET"]}}],"collection":[{"href":"https:\/\/elinformante.mx\/index.php?rest_route=\/wp\/v2\/posts"}],"about":[{"href":"https:\/\/elinformante.mx\/index.php?rest_route=\/wp\/v2\/types\/post"}],"author":[{"embeddable":true,"href":"https:\/\/elinformante.mx\/index.php?rest_route=\/wp\/v2\/users\/1"}],"replies":[{"embeddable":true,"href":"https:\/\/elinformante.mx\/index.php?rest_route=%2Fwp%2Fv2%2Fcomments&post=17919"}],"version-history":[{"count":0,"href":"https:\/\/elinformante.mx\/index.php?rest_route=\/wp\/v2\/posts\/17919\/revisions"}],"wp:featuredmedia":[{"embeddable":true,"href":"https:\/\/elinformante.mx\/index.php?rest_route=\/wp\/v2\/media\/17920"}],"wp:attachment":[{"href":"https:\/\/elinformante.mx\/index.php?rest_route=%2Fwp%2Fv2%2Fmedia&parent=17919"}],"wp:term":[{"taxonomy":"category","embeddable":true,"href":"https:\/\/elinformante.mx\/index.php?rest_route=%2Fwp%2Fv2%2Fcategories&post=17919"},{"taxonomy":"post_tag","embeddable":true,"href":"https:\/\/elinformante.mx\/index.php?rest_route=%2Fwp%2Fv2%2Ftags&post=17919"}],"curies":[{"name":"wp","href":"https:\/\/api.w.org\/{rel}","templated":true}]}}