{"id":17928,"date":"2023-01-13T15:44:15","date_gmt":"2023-01-13T15:44:15","guid":{"rendered":"https:\/\/elinformante.mx\/?p=17928"},"modified":"2023-01-30T16:55:54","modified_gmt":"2023-01-30T16:55:54","slug":"aifa-podria-llegar-a-1-3-millones-de-pasajeros-en-su-primer-ano-de-operacion","status":"publish","type":"post","link":"https:\/\/elinformante.mx\/?p=17928","title":{"rendered":"AIFA podr\u00eda llegar a 1.3 millones de pasajeros en su primer a\u00f1o de operaci\u00f3n"},"content":{"rendered":"\n<blockquote class=\"wp-block-quote is-layout-flow wp-block-quote-is-layout-flow\">\n<p>Actualmente, el AIFA registra 8 mil usuarios por d\u00eda, y para el fin de semana pr\u00f3ximo llegar\u00e1 a un mill\u00f3n de pasajeros transportados.<\/p>\n<\/blockquote>\n\n\n\n<p>El director general del Aeropuerto Internacional \u201cFelipe \u00c1ngeles\u201d (AIFA), Isidoro Pastor, asegur\u00f3 que para marzo de este a\u00f1o llegar\u00e1n a poco m\u00e1s de 1.3 millones de pasajeros, y tambi\u00e9n dijo que en febrero habr\u00e1 dos aerol\u00edneas de carga internacionales y una nacional desde esa infraestructura a\u00e9rea.<br><\/p>\n\n\n\n<p>El general inform\u00f3 que, actualmente, el AIFA registra 8 mil usuarios por d\u00eda, y para el fin de semana pr\u00f3ximo llegar\u00e1 a un mill\u00f3n de pasajeros transportados desde su inauguraci\u00f3n, frente a los m\u00e1s de 46 millones 258 mil pasajeros que registr\u00f3, en cifras oficiales, el Aeropuerto Internacional de la Ciudad de M\u00e9xico en 2022.<br><\/p>\n\n\n\n<p>\u201cEsperamos cerrar el primer a\u00f1o de operaciones con un poco m\u00e1s de 1.3 millones de pasajeros\u201d, indic\u00f3 Pastor.<br><\/p>\n\n\n\n<p>Agreg\u00f3 que se mantienen a la espera de obtener la categor\u00eda 1 en seguridad a\u00e9rea, la cual tambi\u00e9n aplica para el AIFA, pero la que se encargar\u00e1 del tema es la Agencia Federal de Aviaci\u00f3n Civil, \u201cpero estamos en ese camino\u201d.<br><\/p>\n\n\n\n<p>La Administraci\u00f3n Federal de Aviaci\u00f3n de Estados Unidos (FAA, siglas en ingl\u00e9s) posterg\u00f3 la reuni\u00f3n con la Secretar\u00eda de Infraestructura, Comunicaciones y Transportes (SICT) que se hab\u00eda programado para este jueves 12 de enero, con la finalidad de revisar las condiciones para que M\u00e9xico obtenga la categor\u00eda 1 en seguridad a\u00e9rea.<\/p>\n","protected":false},"excerpt":{"rendered":"<p>Actualmente, el AIFA registra 8 mil usuarios por d\u00eda, y para el fin de semana pr\u00f3ximo llegar\u00e1 a un mill\u00f3n de pasajeros transportados. El director general del Aeropuerto Internacional \u201cFelipe \u00c1ngeles\u201d (AIFA), Isidoro Pastor, asegur\u00f3 que para marzo de este a\u00f1o llegar\u00e1n a poco m\u00e1s de 1.3 millones de pasajeros, y tambi\u00e9n dijo que en [&hellip;]<\/p>\n","protected":false},"author":1,"featured_media":17929,"comment_status":"open","ping_status":"open","sticky":false,"template":"","format":"standard","meta":{"footnotes":""},"categories":[30,31],"tags":[],"class_list":["post-17928","post","type-post","status-publish","format-standard","has-post-thumbnail","hentry","category-destacado","category-portada"],"_links":{"self":[{"href":"https:\/\/elinformante.mx\/index.php?rest_route=\/wp\/v2\/posts\/17928","targetHints":{"allow":["GET"]}}],"collection":[{"href":"https:\/\/elinformante.mx\/index.php?rest_route=\/wp\/v2\/posts"}],"about":[{"href":"https:\/\/elinformante.mx\/index.php?rest_route=\/wp\/v2\/types\/post"}],"author":[{"embeddable":true,"href":"https:\/\/elinformante.mx\/index.php?rest_route=\/wp\/v2\/users\/1"}],"replies":[{"embeddable":true,"href":"https:\/\/elinformante.mx\/index.php?rest_route=%2Fwp%2Fv2%2Fcomments&post=17928"}],"version-history":[{"count":0,"href":"https:\/\/elinformante.mx\/index.php?rest_route=\/wp\/v2\/posts\/17928\/revisions"}],"wp:featuredmedia":[{"embeddable":true,"href":"https:\/\/elinformante.mx\/index.php?rest_route=\/wp\/v2\/media\/17929"}],"wp:attachment":[{"href":"https:\/\/elinformante.mx\/index.php?rest_route=%2Fwp%2Fv2%2Fmedia&parent=17928"}],"wp:term":[{"taxonomy":"category","embeddable":true,"href":"https:\/\/elinformante.mx\/index.php?rest_route=%2Fwp%2Fv2%2Fcategories&post=17928"},{"taxonomy":"post_tag","embeddable":true,"href":"https:\/\/elinformante.mx\/index.php?rest_route=%2Fwp%2Fv2%2Ftags&post=17928"}],"curies":[{"name":"wp","href":"https:\/\/api.w.org\/{rel}","templated":true}]}}