{"id":18302,"date":"2023-01-30T14:15:09","date_gmt":"2023-01-30T14:15:09","guid":{"rendered":"https:\/\/elinformante.mx\/?p=18302"},"modified":"2023-01-30T16:44:12","modified_gmt":"2023-01-30T16:44:12","slug":"cumplimentan-orden-de-aprehension-contra-dos-investigados-por-homicidio-de-mujer-en-lerma","status":"publish","type":"post","link":"https:\/\/elinformante.mx\/?p=18302","title":{"rendered":"Cumplimentan orden de aprehensi\u00f3n contra dos investigados por homicidio de mujer en Lerma"},"content":{"rendered":"\n<blockquote class=\"wp-block-quote is-layout-flow wp-block-quote-is-layout-flow\">\n<p>La v\u00edctima fue agredida por disparo de arma de fuego el pasado 19 de enero sobre la carretera M\u00e9xico-Toluca.<\/p>\n<\/blockquote>\n\n\n\n<p>Agentes de la Fiscal\u00eda General de Justicia del Estado de M\u00e9xico (FGJEM) cumplimentaron orden de aprehensi\u00f3n<br><\/p>\n\n\n\n<p>en contra de Yael \u201cN\u201d y Luis \u00c1ngel \u201cN\u201d, investigados por su probable participaci\u00f3n en el homicidio de una mujer el pasado 19 de enero en este municipio.<br><\/p>\n\n\n\n<p>La investigaci\u00f3n iniciada por la FGJEM derivado de los hechos, permiti\u00f3 determinar que ese d\u00eda la v\u00edctima y su hija menor de edad, viajaban a bordo de un veh\u00edculo compacto y en la carretera M\u00e9xico-Toluca, kil\u00f3metro 50+500, de la colonia La Estaci\u00f3n, de la comunidad Ocotillos, fueron interceptadas por los tripulantes de una unidad automotora Nissan, tipo March, presuntamente conducida por Luis \u00c1ngel \u201cN\u201d, en tanto que Yael \u201cN\u201d y otro sujeto viajaban como pasajeros.<br><\/p>\n\n\n\n<p>De las indagatorias realizadas se ha podido establecer que los ahora detenidos habr\u00edan hecho labores de vigilancia y uno de los c\u00f3mplices abord\u00f3 como copiloto el veh\u00edculo de la v\u00edctima, posteriormente le habr\u00eda disparado con un arma de fuego ocasion\u00e1ndole la muerte, quienes posterior al hecho huyeron del sitio.<br><\/p>\n\n\n\n<p>La Instituci\u00f3n llev\u00f3 a cabo diversos actos de investigaci\u00f3n tanto de campo y de gabinete. Con el avance en las mismas fue posible conocer el veh\u00edculo utilizado por los agresores, as\u00ed como identificar a Yael \u201cN\u201d y Luis \u00c1ngel \u201cN\u201d como probables responsables de los hechos, por ello el Agente del Ministerio P\u00fablico solicit\u00f3 a un Juez librar orden de aprehensi\u00f3n en su contra, mandamiento judicial que fue otorgado y cumplimentado.<br><\/p>\n\n\n\n<p>Tras la localizaci\u00f3n y detenci\u00f3n, ambos sujetos fueron ingresados al Centro Penitenciario y de Reinserci\u00f3n Social de Lerma y ser\u00e1 la Autoridad Judicial quien determine su situaci\u00f3n legal. en tanto se les debe considerar inocentes hasta que sea dictada una sentencia condenatoria en su contra.<\/p>\n","protected":false},"excerpt":{"rendered":"<p>La v\u00edctima fue agredida por disparo de arma de fuego el pasado 19 de enero sobre la carretera M\u00e9xico-Toluca. Agentes de la Fiscal\u00eda General de Justicia del Estado de M\u00e9xico (FGJEM) cumplimentaron orden de aprehensi\u00f3n en contra de Yael \u201cN\u201d y Luis \u00c1ngel \u201cN\u201d, investigados por su probable participaci\u00f3n en el homicidio de una mujer [&hellip;]<\/p>\n","protected":false},"author":1,"featured_media":18303,"comment_status":"closed","ping_status":"closed","sticky":false,"template":"","format":"standard","meta":{"footnotes":""},"categories":[37],"tags":[],"class_list":["post-18302","post","type-post","status-publish","format-standard","has-post-thumbnail","hentry","category-justicia"],"_links":{"self":[{"href":"https:\/\/elinformante.mx\/index.php?rest_route=\/wp\/v2\/posts\/18302","targetHints":{"allow":["GET"]}}],"collection":[{"href":"https:\/\/elinformante.mx\/index.php?rest_route=\/wp\/v2\/posts"}],"about":[{"href":"https:\/\/elinformante.mx\/index.php?rest_route=\/wp\/v2\/types\/post"}],"author":[{"embeddable":true,"href":"https:\/\/elinformante.mx\/index.php?rest_route=\/wp\/v2\/users\/1"}],"replies":[{"embeddable":true,"href":"https:\/\/elinformante.mx\/index.php?rest_route=%2Fwp%2Fv2%2Fcomments&post=18302"}],"version-history":[{"count":0,"href":"https:\/\/elinformante.mx\/index.php?rest_route=\/wp\/v2\/posts\/18302\/revisions"}],"wp:featuredmedia":[{"embeddable":true,"href":"https:\/\/elinformante.mx\/index.php?rest_route=\/wp\/v2\/media\/18303"}],"wp:attachment":[{"href":"https:\/\/elinformante.mx\/index.php?rest_route=%2Fwp%2Fv2%2Fmedia&parent=18302"}],"wp:term":[{"taxonomy":"category","embeddable":true,"href":"https:\/\/elinformante.mx\/index.php?rest_route=%2Fwp%2Fv2%2Fcategories&post=18302"},{"taxonomy":"post_tag","embeddable":true,"href":"https:\/\/elinformante.mx\/index.php?rest_route=%2Fwp%2Fv2%2Ftags&post=18302"}],"curies":[{"name":"wp","href":"https:\/\/api.w.org\/{rel}","templated":true}]}}