{"id":18308,"date":"2023-01-30T14:18:14","date_gmt":"2023-01-30T14:18:14","guid":{"rendered":"https:\/\/elinformante.mx\/?p=18308"},"modified":"2023-01-30T16:44:21","modified_gmt":"2023-01-30T16:44:21","slug":"propuesta-del-pri-suma-y-no-divide-alejandra-del-moral","status":"publish","type":"post","link":"https:\/\/elinformante.mx\/?p=18308","title":{"rendered":"Propuesta del PRI suma y no divide: Alejandra del Moral"},"content":{"rendered":"\n<blockquote class=\"wp-block-quote is-layout-flow wp-block-quote-is-layout-flow\">\n<p>Acompa\u00f1ada de Ana Lilia Herrera Anzaldo, a quien invit\u00f3 a caminar juntas, sostuvo un encuentro con la militancia en Chapultepec.<\/p>\n<\/blockquote>\n\n\n\n<p>Con unidad y organizaci\u00f3n se podr\u00e1 avanzar para lograr mejores resultados que beneficien a la ciudadan\u00eda, enfatiz\u00f3 Alejandra Del Moral Vela, precandidata del PRI a la gubernatura del Estado de M\u00e9xico, quien indic\u00f3 que su propuesta suma y no divide.<br><\/p>\n\n\n\n<p>Acompa\u00f1ada de Ana Lilia Herrera Anzaldo, delegada nacional del tricolor y Laura Gonz\u00e1lez Mart\u00ednez, presidenta municipal, sostuvo que el PRI enfrentar\u00e1 la batalla electoral m\u00e1s importante de su historia el pr\u00f3ximo 4 de junio.<br><\/p>\n\n\n\n<p>\u201cAlcanzamos las metas que nos proponemos cuando estamos unidos, cuando estamos claros de hacia d\u00f3nde queremos llegar y, sobre todo tomando conciencia del reto -electoral- que tenemos enfrente\u201d, se\u00f1al\u00f3.<br><\/p>\n\n\n\n<p>Tambi\u00e9n le pidi\u00f3 a Ana Lilia Herrera caminar juntas el Estado de M\u00e9xico en favor de la alianza, ya que con unidad, con organizaci\u00f3n y liderazgo se podr\u00e1 avanzar.<br><\/p>\n\n\n\n<figure class=\"wp-block-image size-large\"><img fetchpriority=\"high\" decoding=\"async\" width=\"1024\" height=\"503\" src=\"https:\/\/elinformante.mx\/wp-content\/uploads\/2023\/01\/propuesta-2-1024x503.jpg\" alt=\"\" class=\"wp-image-18310\" srcset=\"https:\/\/elinformante.mx\/wp-content\/uploads\/2023\/01\/propuesta-2-1024x503.jpg 1024w, https:\/\/elinformante.mx\/wp-content\/uploads\/2023\/01\/propuesta-2-300x147.jpg 300w, https:\/\/elinformante.mx\/wp-content\/uploads\/2023\/01\/propuesta-2-768x377.jpg 768w, https:\/\/elinformante.mx\/wp-content\/uploads\/2023\/01\/propuesta-2-580x285.jpg 580w, https:\/\/elinformante.mx\/wp-content\/uploads\/2023\/01\/propuesta-2-860x422.jpg 860w, https:\/\/elinformante.mx\/wp-content\/uploads\/2023\/01\/propuesta-2.jpg 1140w\" sizes=\"(max-width: 1024px) 100vw, 1024px\" \/><\/figure>\n\n\n\n<p>Del Moral llam\u00f3 a reconocer las deudas que se tienen pendientes. \u201cHay que ser valientes para cuidar lo que hemos hecho bien, pero doblemente valientes para reconocer las deudas que se tienen y hacer que \u00e9stas dejen de serlo\u201d, asever\u00f3.<br><\/p>\n\n\n\n<p>\u201cMiren el futuro de M\u00e9xico pasa por el Estado de M\u00e9xico, y el futuro del PRI tambi\u00e9n pasa por el Estado de M\u00e9xico; as\u00ed que lo que nos estamos jugando es mucho, es el futuro de nuestros hijos y de las generaciones que vienen, porque como quiera nosotros ya la libramos, pero ellos \u00a1no!, y es por ello que tenemos que hacer lo que tenemos que hacer por demostrar que tenemos el compromiso de defender a la entidad\u201d, extern\u00f3.<br><\/p>\n\n\n\n<p>Dijo que son un partido en el que tienen mucho de sentirse orgullosos, porque la econom\u00eda mexiquense es la segunda en el pa\u00eds, se tiene una importante infraestructura educativa y la red carretera m\u00e1s grande que une a los 125 municipios.<br><\/p>\n\n\n\n<p>Asimismo, destac\u00f3 el hecho de que el PRI haya inventado los programas sociales y lo importante es que \u00e9stos contin\u00faen y lleguen a un n\u00famero mayor de personas.<\/p>\n","protected":false},"excerpt":{"rendered":"<p>Acompa\u00f1ada de Ana Lilia Herrera Anzaldo, a quien invit\u00f3 a caminar juntas, sostuvo un encuentro con la militancia en Chapultepec. Con unidad y organizaci\u00f3n se podr\u00e1 avanzar para lograr mejores resultados que beneficien a la ciudadan\u00eda, enfatiz\u00f3 Alejandra Del Moral Vela, precandidata del PRI a la gubernatura del Estado de M\u00e9xico, quien indic\u00f3 que su [&hellip;]<\/p>\n","protected":false},"author":1,"featured_media":18309,"comment_status":"closed","ping_status":"closed","sticky":false,"template":"","format":"standard","meta":{"footnotes":""},"categories":[36],"tags":[],"class_list":["post-18308","post","type-post","status-publish","format-standard","has-post-thumbnail","hentry","category-edomex"],"_links":{"self":[{"href":"https:\/\/elinformante.mx\/index.php?rest_route=\/wp\/v2\/posts\/18308","targetHints":{"allow":["GET"]}}],"collection":[{"href":"https:\/\/elinformante.mx\/index.php?rest_route=\/wp\/v2\/posts"}],"about":[{"href":"https:\/\/elinformante.mx\/index.php?rest_route=\/wp\/v2\/types\/post"}],"author":[{"embeddable":true,"href":"https:\/\/elinformante.mx\/index.php?rest_route=\/wp\/v2\/users\/1"}],"replies":[{"embeddable":true,"href":"https:\/\/elinformante.mx\/index.php?rest_route=%2Fwp%2Fv2%2Fcomments&post=18308"}],"version-history":[{"count":0,"href":"https:\/\/elinformante.mx\/index.php?rest_route=\/wp\/v2\/posts\/18308\/revisions"}],"wp:featuredmedia":[{"embeddable":true,"href":"https:\/\/elinformante.mx\/index.php?rest_route=\/wp\/v2\/media\/18309"}],"wp:attachment":[{"href":"https:\/\/elinformante.mx\/index.php?rest_route=%2Fwp%2Fv2%2Fmedia&parent=18308"}],"wp:term":[{"taxonomy":"category","embeddable":true,"href":"https:\/\/elinformante.mx\/index.php?rest_route=%2Fwp%2Fv2%2Fcategories&post=18308"},{"taxonomy":"post_tag","embeddable":true,"href":"https:\/\/elinformante.mx\/index.php?rest_route=%2Fwp%2Fv2%2Ftags&post=18308"}],"curies":[{"name":"wp","href":"https:\/\/api.w.org\/{rel}","templated":true}]}}