{"id":18312,"date":"2023-01-30T14:20:33","date_gmt":"2023-01-30T14:20:33","guid":{"rendered":"https:\/\/elinformante.mx\/?p=18312"},"modified":"2023-01-30T16:44:25","modified_gmt":"2023-01-30T16:44:25","slug":"delfina-gomez-llama-a-no-vender-la-dignidad","status":"publish","type":"post","link":"https:\/\/elinformante.mx\/?p=18312","title":{"rendered":"Delfina G\u00f3mez llama a \u201cno vender la dignidad\u201d"},"content":{"rendered":"\n<blockquote class=\"wp-block-quote is-layout-flow wp-block-quote-is-layout-flow\">\n<p>En Tlalnepantla dijo que est\u00e1 es la \u00faltima oportunidad que tienen los morenistas de llegar a la gubernatura.<\/p>\n<\/blockquote>\n\n\n\n<p>Este domingo, la precandidata de Morena, PT y PVEM a la gubernatura del Estado de M\u00e9xico estuvo en la zona oriente del municipio de Tlalnepantla, considerada como basti\u00f3n morenista donde pidi\u00f3 de nueva cuenta a los simpatizantes no vender su dignidad en las pr\u00f3ximas votaciones.<br><\/p>\n\n\n\n<p>La maestra Delfina les dijo que est\u00e1 es la \u00faltima oportunidad que tienen los morenistas de llegar a la gubernatura y de no repetirse lo de hace seis a\u00f1os, cuando perdi\u00f3 la elecci\u00f3n.<br><\/p>\n\n\n\n<p>Dijo que en las dos semanas ha visto deseo de participaci\u00f3n. Dijo que siente que van muy bien, pero que no deben confiarse y se tienen que redoblar esfuerzos, con unidad, con coordinaci\u00f3n y hablar con vecinos y compa\u00f1eros de trabajo para lograr un cambio en el Estado de M\u00e9xico.<br><\/p>\n\n\n\n<figure class=\"wp-block-image size-large\"><img fetchpriority=\"high\" decoding=\"async\" width=\"1024\" height=\"503\" src=\"https:\/\/elinformante.mx\/wp-content\/uploads\/2023\/01\/delfina-1024x503.jpg\" alt=\"\" class=\"wp-image-18314\" srcset=\"https:\/\/elinformante.mx\/wp-content\/uploads\/2023\/01\/delfina-1024x503.jpg 1024w, https:\/\/elinformante.mx\/wp-content\/uploads\/2023\/01\/delfina-300x147.jpg 300w, https:\/\/elinformante.mx\/wp-content\/uploads\/2023\/01\/delfina-768x377.jpg 768w, https:\/\/elinformante.mx\/wp-content\/uploads\/2023\/01\/delfina-580x285.jpg 580w, https:\/\/elinformante.mx\/wp-content\/uploads\/2023\/01\/delfina-860x422.jpg 860w, https:\/\/elinformante.mx\/wp-content\/uploads\/2023\/01\/delfina.jpg 1140w\" sizes=\"(max-width: 1024px) 100vw, 1024px\" \/><\/figure>\n\n\n\n<p>Indic\u00f3 que le llama la atenci\u00f3n las propuestas que le han hecho.<br><\/p>\n\n\n\n<p>\u201cLo \u00fanico que les digo es que no nos van a comprar nuestra dignidad. Hay algo en el ser humano que no tiene precio, que es la dignidad. Por eso les pido, no la vendamos, trabajemos para dignificarla \u00a1y vamos con todo para esa batalla!\u201d, afirm\u00f3 la maestra Delfina G\u00f3mez.<br><\/p>\n\n\n\n<p>La precandidata \u00fanica de Morena explic\u00f3 que esta etapa de precampa\u00f1a le servir\u00e1 para hablar con militantes y simpatizantes sobre la situaci\u00f3n de todas las comunidades y municipios mexiquenses.<br><\/p>\n\n\n\n<p>\u201cEstoy contenta de escuchar no solo aplausos y porras, sino que nuestras bases saben de las necesidades en educaci\u00f3n, campo, grupos originarios, y ellos por parte de esos grupos de adultos mayores, mujeres y j\u00f3venes que quieren ser escuchados\u201d, se\u00f1al\u00f3.<\/p>\n","protected":false},"excerpt":{"rendered":"<p>En Tlalnepantla dijo que est\u00e1 es la \u00faltima oportunidad que tienen los morenistas de llegar a la gubernatura. Este domingo, la precandidata de Morena, PT y PVEM a la gubernatura del Estado de M\u00e9xico estuvo en la zona oriente del municipio de Tlalnepantla, considerada como basti\u00f3n morenista donde pidi\u00f3 de nueva cuenta a los simpatizantes [&hellip;]<\/p>\n","protected":false},"author":1,"featured_media":18313,"comment_status":"closed","ping_status":"closed","sticky":false,"template":"","format":"standard","meta":{"footnotes":""},"categories":[36],"tags":[],"class_list":["post-18312","post","type-post","status-publish","format-standard","has-post-thumbnail","hentry","category-edomex"],"_links":{"self":[{"href":"https:\/\/elinformante.mx\/index.php?rest_route=\/wp\/v2\/posts\/18312","targetHints":{"allow":["GET"]}}],"collection":[{"href":"https:\/\/elinformante.mx\/index.php?rest_route=\/wp\/v2\/posts"}],"about":[{"href":"https:\/\/elinformante.mx\/index.php?rest_route=\/wp\/v2\/types\/post"}],"author":[{"embeddable":true,"href":"https:\/\/elinformante.mx\/index.php?rest_route=\/wp\/v2\/users\/1"}],"replies":[{"embeddable":true,"href":"https:\/\/elinformante.mx\/index.php?rest_route=%2Fwp%2Fv2%2Fcomments&post=18312"}],"version-history":[{"count":0,"href":"https:\/\/elinformante.mx\/index.php?rest_route=\/wp\/v2\/posts\/18312\/revisions"}],"wp:featuredmedia":[{"embeddable":true,"href":"https:\/\/elinformante.mx\/index.php?rest_route=\/wp\/v2\/media\/18313"}],"wp:attachment":[{"href":"https:\/\/elinformante.mx\/index.php?rest_route=%2Fwp%2Fv2%2Fmedia&parent=18312"}],"wp:term":[{"taxonomy":"category","embeddable":true,"href":"https:\/\/elinformante.mx\/index.php?rest_route=%2Fwp%2Fv2%2Fcategories&post=18312"},{"taxonomy":"post_tag","embeddable":true,"href":"https:\/\/elinformante.mx\/index.php?rest_route=%2Fwp%2Fv2%2Ftags&post=18312"}],"curies":[{"name":"wp","href":"https:\/\/api.w.org\/{rel}","templated":true}]}}