{"id":18320,"date":"2023-01-30T14:29:39","date_gmt":"2023-01-30T14:29:39","guid":{"rendered":"https:\/\/elinformante.mx\/?p=18320"},"modified":"2023-01-30T16:44:52","modified_gmt":"2023-01-30T16:44:52","slug":"manuel-viveros-dio-arranque-al-programa-fomento-al-autoempleo-en-zinacantepec","status":"publish","type":"post","link":"https:\/\/elinformante.mx\/?p=18320","title":{"rendered":"Manuel Vilchis dio arranque al programa \u201cFomento al Autoempleo\u201d en Zinacantepec"},"content":{"rendered":"\n<blockquote class=\"wp-block-quote is-layout-flow wp-block-quote-is-layout-flow\">\n<p>Este programa tiene como funci\u00f3n beneficiar al menos a 2 mil 810 mexiquenses, impulsando sus negocios y brindando capacitaci\u00f3n a los trabajadores.<\/p>\n<\/blockquote>\n\n\n\n<p>Como parte de su preocupaci\u00f3n por fomentar el autoempleo en la entidad, la Secretaria del Trabajo, Maribel Gongora, acompa\u00f1ada por el alcalde de Zinacantepec, Manuel Vilchis Viveros, y la diputada Paola Jim\u00e9nez Hern\u00e1ndez, dieron arranque al Programa De Desarrollo Social \u201cFomento Al Autoempleo\u201d.<br><\/p>\n\n\n\n<p>Maribel Gongora hizo entrega a Vilchis Viveros de varios equipos que buscan ayudar a que los negocios se capaciten y se impulse su crecimiento.<br><\/p>\n\n\n\n<figure class=\"wp-block-image size-large\"><img fetchpriority=\"high\" decoding=\"async\" width=\"1024\" height=\"503\" src=\"https:\/\/elinformante.mx\/wp-content\/uploads\/2023\/01\/manuel-1024x503.jpg\" alt=\"\" class=\"wp-image-18322\" srcset=\"https:\/\/elinformante.mx\/wp-content\/uploads\/2023\/01\/manuel-1024x503.jpg 1024w, https:\/\/elinformante.mx\/wp-content\/uploads\/2023\/01\/manuel-300x147.jpg 300w, https:\/\/elinformante.mx\/wp-content\/uploads\/2023\/01\/manuel-768x377.jpg 768w, https:\/\/elinformante.mx\/wp-content\/uploads\/2023\/01\/manuel-580x285.jpg 580w, https:\/\/elinformante.mx\/wp-content\/uploads\/2023\/01\/manuel-860x422.jpg 860w, https:\/\/elinformante.mx\/wp-content\/uploads\/2023\/01\/manuel.jpg 1140w\" sizes=\"(max-width: 1024px) 100vw, 1024px\" \/><\/figure>\n\n\n\n<p>Este programa tiene como funci\u00f3n beneficiar al menos a 2 mil 810 mexiquenses, impulsando sus negocios y brindando capacitaci\u00f3n a los trabajadores.<br><\/p>\n\n\n\n<p>Vilchis viveros agradeci\u00f3 a la Secretaria del Trabajo su apoyo a los zinacantepequenses, extern\u00f3 su agradecimiento a todo el esfuerzo que lleva realizando para fomentar el autoempleo en todo el estado. Refrend\u00f3 su compromiso para con el gobernador Alfredo del Mazo, remarcando, que en Zinacantepec tiene un aliado.<\/p>\n","protected":false},"excerpt":{"rendered":"<p>Este programa tiene como funci\u00f3n beneficiar al menos a 2 mil 810 mexiquenses, impulsando sus negocios y brindando capacitaci\u00f3n a los trabajadores. Como parte de su preocupaci\u00f3n por fomentar el autoempleo en la entidad, la Secretaria del Trabajo, Maribel Gongora, acompa\u00f1ada por el alcalde de Zinacantepec, Manuel Vilchis Viveros, y la diputada Paola Jim\u00e9nez Hern\u00e1ndez, [&hellip;]<\/p>\n","protected":false},"author":1,"featured_media":18321,"comment_status":"closed","ping_status":"closed","sticky":false,"template":"","format":"standard","meta":{"footnotes":""},"categories":[36],"tags":[],"class_list":["post-18320","post","type-post","status-publish","format-standard","has-post-thumbnail","hentry","category-edomex"],"_links":{"self":[{"href":"https:\/\/elinformante.mx\/index.php?rest_route=\/wp\/v2\/posts\/18320","targetHints":{"allow":["GET"]}}],"collection":[{"href":"https:\/\/elinformante.mx\/index.php?rest_route=\/wp\/v2\/posts"}],"about":[{"href":"https:\/\/elinformante.mx\/index.php?rest_route=\/wp\/v2\/types\/post"}],"author":[{"embeddable":true,"href":"https:\/\/elinformante.mx\/index.php?rest_route=\/wp\/v2\/users\/1"}],"replies":[{"embeddable":true,"href":"https:\/\/elinformante.mx\/index.php?rest_route=%2Fwp%2Fv2%2Fcomments&post=18320"}],"version-history":[{"count":0,"href":"https:\/\/elinformante.mx\/index.php?rest_route=\/wp\/v2\/posts\/18320\/revisions"}],"wp:featuredmedia":[{"embeddable":true,"href":"https:\/\/elinformante.mx\/index.php?rest_route=\/wp\/v2\/media\/18321"}],"wp:attachment":[{"href":"https:\/\/elinformante.mx\/index.php?rest_route=%2Fwp%2Fv2%2Fmedia&parent=18320"}],"wp:term":[{"taxonomy":"category","embeddable":true,"href":"https:\/\/elinformante.mx\/index.php?rest_route=%2Fwp%2Fv2%2Fcategories&post=18320"},{"taxonomy":"post_tag","embeddable":true,"href":"https:\/\/elinformante.mx\/index.php?rest_route=%2Fwp%2Fv2%2Ftags&post=18320"}],"curies":[{"name":"wp","href":"https:\/\/api.w.org\/{rel}","templated":true}]}}