{"id":18335,"date":"2023-01-30T14:42:21","date_gmt":"2023-01-30T14:42:21","guid":{"rendered":"https:\/\/elinformante.mx\/?p=18335"},"modified":"2023-01-30T16:43:19","modified_gmt":"2023-01-30T16:43:19","slug":"facultad-de-enfermeria-y-obstetricia-de-la-uaemex-espacio-incluyente-y-con-mayor-calidad-educativa","status":"publish","type":"post","link":"https:\/\/elinformante.mx\/?p=18335","title":{"rendered":"Facultad de Enfermer\u00eda y Obstetricia de la UAEM\u00e9x, espacio incluyente y con mayor calidad educativa"},"content":{"rendered":"\n<blockquote class=\"wp-block-quote is-layout-flow wp-block-quote-is-layout-flow\">\n<p>El rector Carlos Eduardo Barrera D\u00edaz encabez\u00f3 el tercer informe de actividades de la directora de la Facultad de Enfermer\u00eda y Obstetricia, Gloria \u00c1ngeles \u00c1vila.<\/p>\n<\/blockquote>\n\n\n\n<p>La Facultad de Enfermer\u00eda y Obstetricia es un espacio que, con un profundo sentido de empat\u00eda y solidaridad humana, prepara profesionistas para convertir la sensibilidad en un conjunto de conocimientos, m\u00e9todos y pr\u00e1cticas orientados a promover, prevenir y restaurar la salud, afirm\u00f3 el rector de la Universidad Aut\u00f3noma del Estado de M\u00e9xico (UAEM\u00e9x), Carlos Eduardo Barrera D\u00edaz.<br><\/p>\n\n\n\n<p>Al encabezar el tercer informe de actividades de la directora de la Facultad de Enfermer\u00eda y Obstetricia, Gloria \u00c1ngeles \u00c1vila, Barrera D\u00edaz destac\u00f3 que se refrend\u00f3 la acreditaci\u00f3n por cinco a\u00f1os de las licenciaturas en Enfermer\u00eda y Gerontolog\u00eda, en coordinaci\u00f3n con el Consejo Mexicano para la Acreditaci\u00f3n de la Enfermer\u00eda y la Comisi\u00f3n Interinstitucional para la Formaci\u00f3n de Recursos Humanos para la Salud (CIFRHS).<br><\/p>\n\n\n\n<p>\u201cEs muy grato saber que esta facultad cada d\u00eda crece y se consolida internamente como un aut\u00e9ntico espacio para los estudios profesionales, avanzados y la investigaci\u00f3n cient\u00edfica en enfermer\u00eda y gerontolog\u00eda\u201d, apunt\u00f3.<br><\/p>\n\n\n\n<p>En este sentido, destac\u00f3 que los egresados de este espacio acad\u00e9mico se encuentran atentos a las necesidades de la sociedad en general, prueba de ello es la amplia aceptaci\u00f3n que tienen sus prestadores de servicio social en centros de investigaci\u00f3n como el Hospital Central Militar, el Instituto Nacional de Ciencias M\u00e9dicas y Nutrici\u00f3n \u201cSalvador Zubir\u00e1n\u201d y el Instituto Nacional de Cardiolog\u00eda \u201cIgnacio Ch\u00e1vez\u201d.<br><\/p>\n\n\n\n<figure class=\"wp-block-image size-large\"><img fetchpriority=\"high\" decoding=\"async\" width=\"1024\" height=\"503\" src=\"https:\/\/elinformante.mx\/wp-content\/uploads\/2023\/01\/facultad-3-1024x503.jpg\" alt=\"\" class=\"wp-image-18337\" srcset=\"https:\/\/elinformante.mx\/wp-content\/uploads\/2023\/01\/facultad-3-1024x503.jpg 1024w, https:\/\/elinformante.mx\/wp-content\/uploads\/2023\/01\/facultad-3-300x147.jpg 300w, https:\/\/elinformante.mx\/wp-content\/uploads\/2023\/01\/facultad-3-768x377.jpg 768w, https:\/\/elinformante.mx\/wp-content\/uploads\/2023\/01\/facultad-3-580x285.jpg 580w, https:\/\/elinformante.mx\/wp-content\/uploads\/2023\/01\/facultad-3-860x422.jpg 860w, https:\/\/elinformante.mx\/wp-content\/uploads\/2023\/01\/facultad-3.jpg 1140w\" sizes=\"(max-width: 1024px) 100vw, 1024px\" \/><\/figure>\n\n\n\n<p>Previo al informe, Barrera D\u00edaz entreg\u00f3 60 computadoras de \u00faltima generaci\u00f3n, como parte del Programa de Renovaci\u00f3n de Equipos de C\u00f3mputo, las cuales beneficiar\u00e1n y contribuir\u00e1n al desarrollo de los miembros que integran este espacio universitario.<br><\/p>\n\n\n\n<p>Por su parte, Gloria \u00c1ngeles \u00c1vila destac\u00f3 que durante el periodo que se informa la Facultad de Enfermer\u00eda y Obstetricia cre\u00f3 la revista de Salud y Cuidado, la cual se public\u00f3 en la Hemeroteca Digital de la UAEM\u00e9x y con su primer n\u00famero y cuatro vol\u00famenes, logr\u00f3 su registro en el Directorio Latindex.<br><\/p>\n\n\n\n<p>En este mismo sentido, se\u00f1al\u00f3 que con el fin de promover la investigaci\u00f3n, este espacio acad\u00e9mico cuenta con ocho cuerpos acad\u00e9micos, dos redes de investigaci\u00f3n nacionales y cuatro internacionales, adem\u00e1s de contar con 39 profesoras y profesores de Tiempo Completo, de las cuales, tres forman parte del Sistema Nacional de Investigadores (SNI). De igual forma, dos profesoras de asignatura integrantes del SNI fueron galardonadas por figuran entre los art\u00edculos m\u00e1s consultados en el Repositorio Institucional de la M\u00e1xima Casa de Estudios mexiquense.<br><\/p>\n\n\n\n<p>Finalmente, Angeles \u00c1vila agradeci\u00f3 al estudiantado, profesorado y personal<br><\/p>\n\n\n\n<p>administrativo por el trabajo conjunto, que ha permitido que este espacio acad\u00e9mico sea m\u00e1s incluyente, tolerante y con mayor calidad educativa para el estudiantado.<br><\/p>\n\n\n\n<p>Durante el acto, fueron entregados diplomas a 12 responsables de \u00e1rea que concluyeron el Diplomado en Cultura de Calidad. De igual forma, fue inaugurada la exposici\u00f3n \u201cFarmacollage: ensamble de collages con f\u00e1rmacos triturados\u201d, del arquitecto Leonardo Montelongo Ortega, quien cre\u00f3 dibujos con estil\u00f3grafo y posteriormente, estos interact\u00faan con productos farmac\u00e9uticos que han sido triturados y pulverizados para crear una mezcla de colores y texturas.<\/p>\n","protected":false},"excerpt":{"rendered":"<p>El rector Carlos Eduardo Barrera D\u00edaz encabez\u00f3 el tercer informe de actividades de la directora de la Facultad de Enfermer\u00eda y Obstetricia, Gloria \u00c1ngeles \u00c1vila. La Facultad de Enfermer\u00eda y Obstetricia es un espacio que, con un profundo sentido de empat\u00eda y solidaridad humana, prepara profesionistas para convertir la sensibilidad en un conjunto de conocimientos, [&hellip;]<\/p>\n","protected":false},"author":1,"featured_media":18336,"comment_status":"closed","ping_status":"closed","sticky":false,"template":"","format":"standard","meta":{"footnotes":""},"categories":[30,36],"tags":[],"class_list":["post-18335","post","type-post","status-publish","format-standard","has-post-thumbnail","hentry","category-destacado","category-edomex"],"_links":{"self":[{"href":"https:\/\/elinformante.mx\/index.php?rest_route=\/wp\/v2\/posts\/18335","targetHints":{"allow":["GET"]}}],"collection":[{"href":"https:\/\/elinformante.mx\/index.php?rest_route=\/wp\/v2\/posts"}],"about":[{"href":"https:\/\/elinformante.mx\/index.php?rest_route=\/wp\/v2\/types\/post"}],"author":[{"embeddable":true,"href":"https:\/\/elinformante.mx\/index.php?rest_route=\/wp\/v2\/users\/1"}],"replies":[{"embeddable":true,"href":"https:\/\/elinformante.mx\/index.php?rest_route=%2Fwp%2Fv2%2Fcomments&post=18335"}],"version-history":[{"count":0,"href":"https:\/\/elinformante.mx\/index.php?rest_route=\/wp\/v2\/posts\/18335\/revisions"}],"wp:featuredmedia":[{"embeddable":true,"href":"https:\/\/elinformante.mx\/index.php?rest_route=\/wp\/v2\/media\/18336"}],"wp:attachment":[{"href":"https:\/\/elinformante.mx\/index.php?rest_route=%2Fwp%2Fv2%2Fmedia&parent=18335"}],"wp:term":[{"taxonomy":"category","embeddable":true,"href":"https:\/\/elinformante.mx\/index.php?rest_route=%2Fwp%2Fv2%2Fcategories&post=18335"},{"taxonomy":"post_tag","embeddable":true,"href":"https:\/\/elinformante.mx\/index.php?rest_route=%2Fwp%2Fv2%2Ftags&post=18335"}],"curies":[{"name":"wp","href":"https:\/\/api.w.org\/{rel}","templated":true}]}}