{"id":18357,"date":"2023-01-30T14:59:58","date_gmt":"2023-01-30T14:59:58","guid":{"rendered":"https:\/\/elinformante.mx\/?p=18357"},"modified":"2023-01-30T16:42:54","modified_gmt":"2023-01-30T16:42:54","slug":"mexico-es-un-pais-muy-distinto-al-que-era-en-el-2018-sheinbaum","status":"publish","type":"post","link":"https:\/\/elinformante.mx\/?p=18357","title":{"rendered":"M\u00e9xico es un pa\u00eds muy distinto al que era en el 2018: Sheinbaum"},"content":{"rendered":"\n<blockquote class=\"wp-block-quote is-layout-flow wp-block-quote-is-layout-flow\">\n<p>La jefa de Gobierno imparti\u00f3 sus \u201cPol\u00edticas Exitosas de Gobierno\u201d por medio de una video conferencia en Quer\u00e9taro.<\/p>\n<\/blockquote>\n\n\n\n<p>Claudia Sheinbaum, jefa de Gobierno de la Ciudad de M\u00e9xico, imparti\u00f3 una video conferencia en Quer\u00e9taro, sobre \u201cPol\u00edticas Exitosas de Gobierno\u201d, donde estuvieron presentes, Juan Guzm\u00e1n Cabrera, presidentes municipal de Huimilpan; el diputado local Ricardo Astudillo Su\u00e1rez; el senador Gilberto Herrera Ruiz y Luis Humberto Fern\u00e1ndez, titular de la autoridad educativa federal en la CDMX.<br><\/p>\n\n\n\n<p>Desde la Hacienda de los Cues, municipio de Huimilpan, Quer\u00e9taro, la video conferencia comenz\u00f3 con la bienvenida por parte del presidente municipal de Huimilpan, seguido por un breve mensaje del senador Gilberto Herrera Ruiz.<br><\/p>\n\n\n\n<p>Durante su intervenci\u00f3n, Sheinbaum Pardo se\u00f1al\u00f3 que la esencia de la \u201cTransformaci\u00f3n\u201d es la divisi\u00f3n entre el poder econ\u00f3mico y el poder pol\u00edtico, dando una breve recuento de como lleg\u00f3 por el voto popular, por la democracia de manera pac\u00edfica, el actual presidente, Andr\u00e9s Manuel L\u00f3pez Obrador \u201cTenemos hoy un presidente que gobierna para el pueblo de M\u00e9xico, no para un pu\u00f1ado de personas\u201d, se\u00f1al\u00f3.<br><\/p>\n\n\n\n<p>\u201cEsto es lo que estamos viviendo en este momento, una gran transformaci\u00f3n, porque M\u00e9xico hoy es muy distinto al que era en el 2018\u201d, dijo<br><\/p>\n\n\n\n<figure class=\"wp-block-image size-large\"><img fetchpriority=\"high\" decoding=\"async\" width=\"1024\" height=\"503\" src=\"https:\/\/elinformante.mx\/wp-content\/uploads\/2023\/01\/mexico-es-1024x503.jpg\" alt=\"\" class=\"wp-image-18359\" srcset=\"https:\/\/elinformante.mx\/wp-content\/uploads\/2023\/01\/mexico-es-1024x503.jpg 1024w, https:\/\/elinformante.mx\/wp-content\/uploads\/2023\/01\/mexico-es-300x147.jpg 300w, https:\/\/elinformante.mx\/wp-content\/uploads\/2023\/01\/mexico-es-768x377.jpg 768w, https:\/\/elinformante.mx\/wp-content\/uploads\/2023\/01\/mexico-es-580x285.jpg 580w, https:\/\/elinformante.mx\/wp-content\/uploads\/2023\/01\/mexico-es-860x422.jpg 860w, https:\/\/elinformante.mx\/wp-content\/uploads\/2023\/01\/mexico-es.jpg 1140w\" sizes=\"(max-width: 1024px) 100vw, 1024px\" \/><\/figure>\n\n\n\n<p>Destac\u00f3 la pensi\u00f3n de adultos mayores, a personas con discapacidad, grandes obras \u201cque no se hacen con saqueo, sino que se hacen con los recursos p\u00fablicos para el desarrollo de nuestro pa\u00eds\u201d.<br><\/p>\n\n\n\n<p>Se\u00f1al\u00f3 las esencias con las que gobierna en la CDMX, comenzando con \u201cprimero los pobres\u201d, gobernando con el humanismo mexicano, destinando recursos para los que menos tienen, \u201ctenemos que gobernar para todas y todos\u201d. Su segundo principio que destac\u00f3 fue: \u201cNo puede haber gobierno rico con pueblo pobre\u201d y el tercer principio \u201ces que el poder solo es virtud cuando se pone al servicio de los dem\u00e1s\u201d.<br><\/p>\n\n\n\n<p>Destac\u00f3 sus programas de becas, universidades y en tema de movilidad, dio detalles del transporte p\u00fablico en la ciudad con el tema de movilidad, el troleb\u00fas elevado, un segundo piso de 8 kil\u00f3metros, el transporte p\u00fablico en Iztapalapa con un costo de siete pesos que atraviesa toda la alcald\u00eda, adem\u00e1s de dos telef\u00e9ricos \u201ccable bus\u201d, llam\u00e1ndolo proyectos sustentables,<br><\/p>\n\n\n\n<p>\u201cY aprovecho para decirles que estamos haciendo una inversi\u00f3n muy grande en el metro de la ciudad, para que no haya mentiras tambi\u00e9n, muy, muy grande, son m\u00e1s de 40 mil millones de pesos que estamos invirtiendo en el metro, estamos haciendo la nueva L\u00ednea 1, un sistema de energ\u00eda nuevo, un sistema de abastecimiento nuevo con la Comisi\u00f3n Federal de Electricidad y va a estar mucho mejor\u201d, dijo.<\/p>\n","protected":false},"excerpt":{"rendered":"<p>La jefa de Gobierno imparti\u00f3 sus \u201cPol\u00edticas Exitosas de Gobierno\u201d por medio de una video conferencia en Quer\u00e9taro. Claudia Sheinbaum, jefa de Gobierno de la Ciudad de M\u00e9xico, imparti\u00f3 una video conferencia en Quer\u00e9taro, sobre \u201cPol\u00edticas Exitosas de Gobierno\u201d, donde estuvieron presentes, Juan Guzm\u00e1n Cabrera, presidentes municipal de Huimilpan; el diputado local Ricardo Astudillo Su\u00e1rez; [&hellip;]<\/p>\n","protected":false},"author":1,"featured_media":18358,"comment_status":"closed","ping_status":"closed","sticky":false,"template":"","format":"standard","meta":{"footnotes":""},"categories":[35,30],"tags":[],"class_list":["post-18357","post","type-post","status-publish","format-standard","has-post-thumbnail","hentry","category-cdmx","category-destacado"],"_links":{"self":[{"href":"https:\/\/elinformante.mx\/index.php?rest_route=\/wp\/v2\/posts\/18357","targetHints":{"allow":["GET"]}}],"collection":[{"href":"https:\/\/elinformante.mx\/index.php?rest_route=\/wp\/v2\/posts"}],"about":[{"href":"https:\/\/elinformante.mx\/index.php?rest_route=\/wp\/v2\/types\/post"}],"author":[{"embeddable":true,"href":"https:\/\/elinformante.mx\/index.php?rest_route=\/wp\/v2\/users\/1"}],"replies":[{"embeddable":true,"href":"https:\/\/elinformante.mx\/index.php?rest_route=%2Fwp%2Fv2%2Fcomments&post=18357"}],"version-history":[{"count":0,"href":"https:\/\/elinformante.mx\/index.php?rest_route=\/wp\/v2\/posts\/18357\/revisions"}],"wp:featuredmedia":[{"embeddable":true,"href":"https:\/\/elinformante.mx\/index.php?rest_route=\/wp\/v2\/media\/18358"}],"wp:attachment":[{"href":"https:\/\/elinformante.mx\/index.php?rest_route=%2Fwp%2Fv2%2Fmedia&parent=18357"}],"wp:term":[{"taxonomy":"category","embeddable":true,"href":"https:\/\/elinformante.mx\/index.php?rest_route=%2Fwp%2Fv2%2Fcategories&post=18357"},{"taxonomy":"post_tag","embeddable":true,"href":"https:\/\/elinformante.mx\/index.php?rest_route=%2Fwp%2Fv2%2Ftags&post=18357"}],"curies":[{"name":"wp","href":"https:\/\/api.w.org\/{rel}","templated":true}]}}