{"id":20222,"date":"2023-02-21T13:40:56","date_gmt":"2023-02-21T13:40:56","guid":{"rendered":"https:\/\/elinformante.mx\/?p=20222"},"modified":"2023-02-21T13:40:58","modified_gmt":"2023-02-21T13:40:58","slug":"red-bull-definio-los-dias-que-checo-perez-probara-el-rb19-en-bahrein","status":"publish","type":"post","link":"https:\/\/elinformante.mx\/?p=20222","title":{"rendered":"Red Bull defini\u00f3 los d\u00edas que Checo P\u00e9rez probar\u00e1 el RB19 en Bahr\u00e9in"},"content":{"rendered":"\n<blockquote class=\"wp-block-quote is-layout-flow wp-block-quote-is-layout-flow\">\n<p>Red Bull opt\u00f3 por darle participaci\u00f3n tanto al mexicano como al bicampe\u00f3n del mundo Max Verstappen.<\/p>\n<\/blockquote>\n\n\n\n<p>Las 10 escuder\u00edas de la F\u00f3rmula Uno se encuentran en la recta final de la preparaci\u00f3n para el inicio de la temporada 2023. El \u00faltimo escal\u00f3n previo ser\u00e1n los test de prueba en el circuito de Sakhir, en Bahr\u00e9in, donde los equipos tendr\u00e1n tres d\u00edas para poner al l\u00edmite sus b\u00f3lidos y donde ya se confirm\u00f3 que Sergio P\u00e9rez tendr\u00e1 participaci\u00f3n.<br><\/p>\n\n\n\n<p>Red Bull opt\u00f3 por darle participaci\u00f3n tanto al mexicano como al bicampe\u00f3n del mundo Max Verstappen.<br><\/p>\n\n\n\n<p>De hecho, el neerland\u00e9s ser\u00e1 quien inaugure las pruebas para los de las bebidas energ\u00e9ticas durante todo el jueves 23 de febrero.<br><\/p>\n\n\n\n<p>Para el viernes 24, \u201cCheco\u201d tomar\u00e1 el volante por la ma\u00f1ana y en la tarde ceder\u00e1 nuevamente el RB19 a \u201cMad Max\u201d. Mientras el s\u00e1bado 25 ser\u00e1 en su totalidad para el piloto nacido en Guadalajara, Jalisco.<br><\/p>\n\n\n\n<figure class=\"wp-block-image size-large\"><img fetchpriority=\"high\" decoding=\"async\" width=\"1024\" height=\"503\" src=\"https:\/\/elinformante.mx\/wp-content\/uploads\/2023\/02\/RED-BULL-1024x503.jpg\" alt=\"\" class=\"wp-image-20224\" srcset=\"https:\/\/elinformante.mx\/wp-content\/uploads\/2023\/02\/RED-BULL-1024x503.jpg 1024w, https:\/\/elinformante.mx\/wp-content\/uploads\/2023\/02\/RED-BULL-300x147.jpg 300w, https:\/\/elinformante.mx\/wp-content\/uploads\/2023\/02\/RED-BULL-768x377.jpg 768w, https:\/\/elinformante.mx\/wp-content\/uploads\/2023\/02\/RED-BULL-580x285.jpg 580w, https:\/\/elinformante.mx\/wp-content\/uploads\/2023\/02\/RED-BULL-860x422.jpg 860w, https:\/\/elinformante.mx\/wp-content\/uploads\/2023\/02\/RED-BULL.jpg 1140w\" sizes=\"(max-width: 1024px) 100vw, 1024px\" \/><\/figure>\n\n\n\n<p>Esta ser\u00e1 la primera vez que los dos conductores del equipo austriaco compartan la pista con su nuevo monoplaza, y servir\u00e1 para que los ingenieros y mec\u00e1nicos puedan percatarse de posibles problemas de fiabilidad y realizar los debidos ajustes previos al inicio de la temporada, que ser\u00e1 del 3 al 5 de marzo con el Gran Premio de Bahr\u00e9in.<br><\/p>\n\n\n\n<p>Aston Martin comunic\u00f3 que su piloto Lance Stroll, que fue compa\u00f1ero de \u201cCheco\u201d de 2019 a 2020 en Racing Point, no podr\u00e1 disputar los test en Sakhir luego \u201csufrir un accidente menor mientras realizaba un entrenamiento de ciclismo en Espa\u00f1a\u201d.<br><\/p>\n\n\n\n<p>Sin embargo, las lesiones son leves seg\u00fan apunta la escuder\u00eda inglesa y se espera que el canadiense pueda estar completamente recuperado para el inicio de la temporada.<br><\/p>\n\n\n\n<p>\u201cEstoy decidido a volver al auto y estoy emocionado por la temporada que viene con el equipo. Estoy motivado para recuperarme de este rev\u00e9s lo m\u00e1s r\u00e1pido posible\u201d, declar\u00f3 Stroll tras el incidente.<\/p>\n","protected":false},"excerpt":{"rendered":"<p>Red Bull opt\u00f3 por darle participaci\u00f3n tanto al mexicano como al bicampe\u00f3n del mundo Max Verstappen. Las 10 escuder\u00edas de la F\u00f3rmula Uno se encuentran en la recta final de la preparaci\u00f3n para el inicio de la temporada 2023. El \u00faltimo escal\u00f3n previo ser\u00e1n los test de prueba en el circuito de Sakhir, en Bahr\u00e9in, [&hellip;]<\/p>\n","protected":false},"author":1,"featured_media":20223,"comment_status":"closed","ping_status":"closed","sticky":false,"template":"","format":"standard","meta":{"footnotes":""},"categories":[38,30],"tags":[],"class_list":["post-20222","post","type-post","status-publish","format-standard","has-post-thumbnail","hentry","category-deportes","category-destacado"],"_links":{"self":[{"href":"https:\/\/elinformante.mx\/index.php?rest_route=\/wp\/v2\/posts\/20222","targetHints":{"allow":["GET"]}}],"collection":[{"href":"https:\/\/elinformante.mx\/index.php?rest_route=\/wp\/v2\/posts"}],"about":[{"href":"https:\/\/elinformante.mx\/index.php?rest_route=\/wp\/v2\/types\/post"}],"author":[{"embeddable":true,"href":"https:\/\/elinformante.mx\/index.php?rest_route=\/wp\/v2\/users\/1"}],"replies":[{"embeddable":true,"href":"https:\/\/elinformante.mx\/index.php?rest_route=%2Fwp%2Fv2%2Fcomments&post=20222"}],"version-history":[{"count":0,"href":"https:\/\/elinformante.mx\/index.php?rest_route=\/wp\/v2\/posts\/20222\/revisions"}],"wp:featuredmedia":[{"embeddable":true,"href":"https:\/\/elinformante.mx\/index.php?rest_route=\/wp\/v2\/media\/20223"}],"wp:attachment":[{"href":"https:\/\/elinformante.mx\/index.php?rest_route=%2Fwp%2Fv2%2Fmedia&parent=20222"}],"wp:term":[{"taxonomy":"category","embeddable":true,"href":"https:\/\/elinformante.mx\/index.php?rest_route=%2Fwp%2Fv2%2Fcategories&post=20222"},{"taxonomy":"post_tag","embeddable":true,"href":"https:\/\/elinformante.mx\/index.php?rest_route=%2Fwp%2Fv2%2Ftags&post=20222"}],"curies":[{"name":"wp","href":"https:\/\/api.w.org\/{rel}","templated":true}]}}