{"id":20226,"date":"2023-02-21T13:42:15","date_gmt":"2023-02-21T13:42:15","guid":{"rendered":"https:\/\/elinformante.mx\/?p=20226"},"modified":"2023-02-21T13:42:16","modified_gmt":"2023-02-21T13:42:16","slug":"diputados-de-morena-buscan-consulta-para-remunicipalizar-el-servicio-de-agua-en-puebla-capital","status":"publish","type":"post","link":"https:\/\/elinformante.mx\/?p=20226","title":{"rendered":"Diputados de Morena buscan consulta para remunicipalizar el servicio de agua en Puebla capital"},"content":{"rendered":"\n<blockquote class=\"wp-block-quote is-layout-flow wp-block-quote-is-layout-flow\">\n<p>En el 2013, el gobernador Rafael Moreno Valle le entreg\u00f3 a la empresa Concesiones Integrales, ahora Agua de Puebla, el convenio de concesi\u00f3n<\/p>\n<\/blockquote>\n\n\n\n<p>Diputados locales y consejeros de Morena en Puebla se sumaron al movimiento \u201cHacia la consulta por la desprivatizaci\u00f3n del agua en la ciudad de Puebla\u201d que busca la remunicipalizaci\u00f3n del servicio de agua potable en la capital. Sin embargo, descartaron que busquen tomar el tema como una bandera pol\u00edtica.<br><\/p>\n\n\n\n<p>Lluvia Garc\u00eda, representante de grupo a favor del vital l\u00edquido, explic\u00f3 que desde el 15 de enero del 2023 comenzaron con las movilizaciones para buscar revertir la privatizaci\u00f3n del agua y detall\u00f3 que se requieren 30 mil firmas de los ciudadanos para solicitar la consulta, aunque, reconoci\u00f3 que hasta el momento no cuentan con un corte del n\u00famero de personas que se han sumado a la petici\u00f3n, por lo que ser\u00e1 a finales del mes en curso cuando brinden la informaci\u00f3n.<br><\/p>\n\n\n\n<p>En representaci\u00f3n de los diputados locales y los consejeros que se dieron cita en la plancha del z\u00f3calo, el legislador local, Iv\u00e1n Herrera Villag\u00f3mez, expres\u00f3 que no buscan usar el tema como una bandera pol\u00edtica porque en su calidad de ciudadanos tienen la creencia de que debe el suministro del agua debe ser un servicio p\u00fablico y no privado.<br><\/p>\n\n\n\n<p>\u201cNosotros independientemente de que seamos diputados, somos ciudadanos y estamos convencidos de que el agua es un derecho, debe ser un servicio p\u00fablico y no privado\u201d, dijo.<br><\/p>\n\n\n\n<p>Inclusive, adelant\u00f3 que en caso de ser necesario le pedir\u00e1n recursos al gobierno federal para darle una soluci\u00f3n a la problem\u00e1tica y critic\u00f3 que el alcalde del Partido Acci\u00f3n Nacional (PAN), Rivera P\u00e9rez, declar\u00f3 que no hab\u00eda recursos para la remunicipalizaci\u00f3n del servicio.<br><\/p>\n\n\n\n<p>Asimismo, coment\u00f3 que en la pasada sesi\u00f3n del consejo de Morena le pidieron a la dirigencia intervenir en la situaci\u00f3n, a lo que les respondieron que analizar\u00e1n lo que pueden realizar del caso.<br><\/p>\n\n\n\n<p>Por su parte, Alejandro Carvajal Hidalgo, diputado federal del distrito 6, dijo que el tema es una \u201cbandera de lucha\u201d desde hace m\u00e1s de una d\u00e9cada, as\u00ed que descart\u00f3 busquen politizar el tema.<br><\/p>\n\n\n\n<p>Los legisladores locales que se dieron cita fueron Iv\u00e1n Herrera, Carlos Alberto Evangelista, Yolanda G\u00e1mez Mendoza y Ang\u00e9lica Cervantes Gonz\u00e1lez.<br><\/p>\n\n\n\n<p>De los consejeros, el perfil m\u00e1s conocido se encontr\u00f3 Fernando pastor, primo de Iv\u00e1n Herrera.<br><\/p>\n\n\n\n<p>Lluvia Garc\u00eda insisti\u00f3 en que su demanda es que los servicios de agua potable, drenaje y saneamiento sean reincorporados al municipio y se revoque la concesi\u00f3n otorgada a la empresa Agua de Puebla porque el servicio que brinda en la ciudad es deficiente debido a que en algunos puntos del municipio la distribuci\u00f3n del l\u00edquido es mala o se hacen cobros excesivos.<br><\/p>\n\n\n\n<p>Recapitul\u00f3 que en el 2013, el gobernador Rafael Moreno Valle le entreg\u00f3 a la empresa Concesiones Integrales, ahora Agua de Puebla, el convenio de concesi\u00f3n para operar el servicio del vital l\u00edquido en la zona metropolitana del estado. Posteriormente, el Cabildo de la ciudad, cuando Eduardo Rivera P\u00e9rez fue alcalde por primera ocasi\u00f3n, aval\u00f3 el permiso de operaci\u00f3n a la firma.<br><\/p>\n\n\n\n<p>Ante esto, afirm\u00f3 que si el presidente municipal no tiene la intenci\u00f3n de revertir los hechos, los ciudadanos exigir\u00e1n a las autoridades realizar la consulta para conocer si la sociedad est\u00e1 a favor de la desprivatizaci\u00f3n del servicio.<br><\/p>\n\n\n\n<p>La representante del movimiento ciudadano dijo que las 30 mil firmas que se requieren corresponden al dos por ciento de la lista nominal que pide la autoridad electoral y dijo que \u00fanicamente es el primer paso del proceso que se requiere.<\/p>\n","protected":false},"excerpt":{"rendered":"<p>En el 2013, el gobernador Rafael Moreno Valle le entreg\u00f3 a la empresa Concesiones Integrales, ahora Agua de Puebla, el convenio de concesi\u00f3n Diputados locales y consejeros de Morena en Puebla se sumaron al movimiento \u201cHacia la consulta por la desprivatizaci\u00f3n del agua en la ciudad de Puebla\u201d que busca la remunicipalizaci\u00f3n del servicio de [&hellip;]<\/p>\n","protected":false},"author":1,"featured_media":20227,"comment_status":"closed","ping_status":"closed","sticky":false,"template":"","format":"standard","meta":{"footnotes":""},"categories":[30,34],"tags":[],"class_list":["post-20226","post","type-post","status-publish","format-standard","has-post-thumbnail","hentry","category-destacado","category-nacional"],"_links":{"self":[{"href":"https:\/\/elinformante.mx\/index.php?rest_route=\/wp\/v2\/posts\/20226","targetHints":{"allow":["GET"]}}],"collection":[{"href":"https:\/\/elinformante.mx\/index.php?rest_route=\/wp\/v2\/posts"}],"about":[{"href":"https:\/\/elinformante.mx\/index.php?rest_route=\/wp\/v2\/types\/post"}],"author":[{"embeddable":true,"href":"https:\/\/elinformante.mx\/index.php?rest_route=\/wp\/v2\/users\/1"}],"replies":[{"embeddable":true,"href":"https:\/\/elinformante.mx\/index.php?rest_route=%2Fwp%2Fv2%2Fcomments&post=20226"}],"version-history":[{"count":0,"href":"https:\/\/elinformante.mx\/index.php?rest_route=\/wp\/v2\/posts\/20226\/revisions"}],"wp:featuredmedia":[{"embeddable":true,"href":"https:\/\/elinformante.mx\/index.php?rest_route=\/wp\/v2\/media\/20227"}],"wp:attachment":[{"href":"https:\/\/elinformante.mx\/index.php?rest_route=%2Fwp%2Fv2%2Fmedia&parent=20226"}],"wp:term":[{"taxonomy":"category","embeddable":true,"href":"https:\/\/elinformante.mx\/index.php?rest_route=%2Fwp%2Fv2%2Fcategories&post=20226"},{"taxonomy":"post_tag","embeddable":true,"href":"https:\/\/elinformante.mx\/index.php?rest_route=%2Fwp%2Fv2%2Ftags&post=20226"}],"curies":[{"name":"wp","href":"https:\/\/api.w.org\/{rel}","templated":true}]}}