{"id":20258,"date":"2023-02-21T14:31:44","date_gmt":"2023-02-21T14:31:44","guid":{"rendered":"https:\/\/elinformante.mx\/?p=20258"},"modified":"2023-02-21T14:31:45","modified_gmt":"2023-02-21T14:31:45","slug":"le-dan-28-anos-de-prision-a-ladron-de-transporte-publico-de-pasajeros","status":"publish","type":"post","link":"https:\/\/elinformante.mx\/?p=20258","title":{"rendered":"Le dan 28 a\u00f1os de prisi\u00f3n a ladr\u00f3n de transporte p\u00fablico de pasajeros"},"content":{"rendered":"\n<blockquote class=\"wp-block-quote is-layout-flow wp-block-quote-is-layout-flow\">\n<p>El ahora sentenciado despoj\u00f3 con violencia a cuatro v\u00edctimas de sus pertenencias.<\/p>\n<\/blockquote>\n\n\n\n<p>La Fiscal\u00eda General de Justicia del Estado de M\u00e9xico (FGJEM) obtuvo sentencia condenatoria de 28 a\u00f1os, 4 meses y 15 d\u00edas de prisi\u00f3n contra C\u00e9sar Aguilar Guti\u00e9rrez al acreditar su responsabilidad en el delito de robo con la modificativa agravante de haberse cometido en medios de transporte p\u00fablico de pasajeros y en su ejecuci\u00f3n se utilice la violencia.<br><\/p>\n\n\n\n<p>Durante el desarrollo del proceso, el Agente del Ministerio P\u00fablico de esta Fiscal\u00eda logr\u00f3 acreditar que el 28 de julio del a\u00f1o pasado, dos hombres y dos mujeres viajaban a bordo de un veh\u00edculo del transporte p\u00fablico sobre la carretera federal M\u00e9xico-Texcoco, esquina con avenida Prolongaci\u00f3n Puebla de la colonia los Reyes Centro, de este municipio.<br><\/p>\n\n\n\n<p>En un determinado momento, el ahora sentenciado amag\u00f3 a las v\u00edctimas con un cuchillo y las despoj\u00f3 de sus tel\u00e9fonos celulares, hechos que fueron denunciados ante el Agente del Ministerio P\u00fablico de esta Fiscal\u00eda.<br><\/p>\n\n\n\n<p>Derivado de lo anterior fue iniciada la investigaci\u00f3n respectiva y fue detenido el responsable, mismo que fue puesto a disposici\u00f3n de la Autoridad Judicial, quien una vez que analiz\u00f3 las pruebas presentadas, resolvi\u00f3 sentencia condenatoria en su contra.<br><\/p>\n\n\n\n<p>Al ahora sentenciado le fueron impuestos 28 a\u00f1os, 4 meses y 15 d\u00edas de prisi\u00f3n por su responsabilidad en el delito de robo, as\u00ed como multas, en tanto que fueron suspendidos sus derechos civiles y pol\u00edticos.<\/p>\n","protected":false},"excerpt":{"rendered":"<p>El ahora sentenciado despoj\u00f3 con violencia a cuatro v\u00edctimas de sus pertenencias. La Fiscal\u00eda General de Justicia del Estado de M\u00e9xico (FGJEM) obtuvo sentencia condenatoria de 28 a\u00f1os, 4 meses y 15 d\u00edas de prisi\u00f3n contra C\u00e9sar Aguilar Guti\u00e9rrez al acreditar su responsabilidad en el delito de robo con la modificativa agravante de haberse cometido [&hellip;]<\/p>\n","protected":false},"author":1,"featured_media":20259,"comment_status":"closed","ping_status":"closed","sticky":false,"template":"","format":"standard","meta":{"footnotes":""},"categories":[37],"tags":[],"class_list":["post-20258","post","type-post","status-publish","format-standard","has-post-thumbnail","hentry","category-justicia"],"_links":{"self":[{"href":"https:\/\/elinformante.mx\/index.php?rest_route=\/wp\/v2\/posts\/20258","targetHints":{"allow":["GET"]}}],"collection":[{"href":"https:\/\/elinformante.mx\/index.php?rest_route=\/wp\/v2\/posts"}],"about":[{"href":"https:\/\/elinformante.mx\/index.php?rest_route=\/wp\/v2\/types\/post"}],"author":[{"embeddable":true,"href":"https:\/\/elinformante.mx\/index.php?rest_route=\/wp\/v2\/users\/1"}],"replies":[{"embeddable":true,"href":"https:\/\/elinformante.mx\/index.php?rest_route=%2Fwp%2Fv2%2Fcomments&post=20258"}],"version-history":[{"count":0,"href":"https:\/\/elinformante.mx\/index.php?rest_route=\/wp\/v2\/posts\/20258\/revisions"}],"wp:featuredmedia":[{"embeddable":true,"href":"https:\/\/elinformante.mx\/index.php?rest_route=\/wp\/v2\/media\/20259"}],"wp:attachment":[{"href":"https:\/\/elinformante.mx\/index.php?rest_route=%2Fwp%2Fv2%2Fmedia&parent=20258"}],"wp:term":[{"taxonomy":"category","embeddable":true,"href":"https:\/\/elinformante.mx\/index.php?rest_route=%2Fwp%2Fv2%2Fcategories&post=20258"},{"taxonomy":"post_tag","embeddable":true,"href":"https:\/\/elinformante.mx\/index.php?rest_route=%2Fwp%2Fv2%2Ftags&post=20258"}],"curies":[{"name":"wp","href":"https:\/\/api.w.org\/{rel}","templated":true}]}}