{"id":20278,"date":"2023-02-21T14:54:38","date_gmt":"2023-02-21T14:54:38","guid":{"rendered":"https:\/\/elinformante.mx\/?p=20278"},"modified":"2023-02-21T14:54:39","modified_gmt":"2023-02-21T14:54:39","slug":"exhiben-en-redes-sociales-pesima-administracion-en-xochimilco","status":"publish","type":"post","link":"https:\/\/elinformante.mx\/?p=20278","title":{"rendered":"Exhiben en redes sociales p\u00e9sima administraci\u00f3n en Xochimilco"},"content":{"rendered":"\n<blockquote class=\"wp-block-quote is-layout-flow wp-block-quote-is-layout-flow\">\n<p>Todo comenz\u00f3 luego de que el secretario de gobierno, Mart\u00ed Batres, public\u00f3 a trav\u00e9s de su cuenta de Twitter haber tenido una reuni\u00f3n con Jos\u00e9 Carlos Acosta.<\/p>\n<\/blockquote>\n\n\n\n<p>Habitantes de la alcald\u00eda Xochimilco, exhiben en redes sociales la p\u00e9sima administraci\u00f3n de su alcalde Jos\u00e9 Carlos Acosta.<br><\/p>\n\n\n\n<p>Todo comenz\u00f3 luego de que el secretario de gobierno, Mart\u00ed Batres, public\u00f3 a trav\u00e9s de su cuenta de Twitter haber tenido una reuni\u00f3n con Jos\u00e9 Carlos Acosta, alcalde en Xochimilco, la publicaci\u00f3n fue retomada y difundida por Acosta, el 14 de febrero.<br><\/p>\n\n\n\n<p>Minutos despu\u00e9s de la publicaci\u00f3n, habitantes de pueblos, barrios y colonias dejaron en evidencia la mala administraci\u00f3n de Jos\u00e9 Carlos Acosta.<br><\/p>\n\n\n\n<p>\u201cBatres, toma en cuenta que desde diciembre de 2022, el alcalde Jos\u00e9 Carlos dej\u00f3 inconclusa la repavimentaci\u00f3n en la Av. M\u00e9xico oriente, San Gregorio atlapulco\u201d, se lee en la publicaci\u00f3n de El Agrarista @AdvocatusEst.<br><\/p>\n\n\n\n<p>\u201cEse alcalde que nunca recibe a la gente, el que casi pierde las elecciones, ese alcalde que tiene un desorden en todo Xochimilco\u201d, P\u00fablico A FAVOR DE M\u00c9XICO @OR_ROMA_<br><\/p>\n\n\n\n<p>\u201cPor favor la seguridad e impunidad en los barrios de Xochimilco est\u00e1n p\u00e9simos, requerimos que se tomen acciones en contra de estas y otros problemas de la demarcaci\u00f3n\u201d, public\u00f3 Fernando Mendoza. @FerMendozaN<br><\/p>\n\n\n\n<p>\u201cVAMOS POR LA REVOCACI\u00d3N DE MANDATO DE JOS\u00c9 CARLOS ACOSTA RUIZ POR INEFICIENTE, CORRUPTO, AUTORITARIO Y REPRESOR\u201d, se lee en la publicaci\u00f3n de Juan Gonz\u00e1lez Romero. @JuanGonzlezRom2<br><\/p>\n\n\n\n<p>Tras las publicaciones no tuvieron respuesta los habitantes de Xochimilco, su alcalde contin\u00faa en ausencia permanente.<\/p>\n","protected":false},"excerpt":{"rendered":"<p>Todo comenz\u00f3 luego de que el secretario de gobierno, Mart\u00ed Batres, public\u00f3 a trav\u00e9s de su cuenta de Twitter haber tenido una reuni\u00f3n con Jos\u00e9 Carlos Acosta. Habitantes de la alcald\u00eda Xochimilco, exhiben en redes sociales la p\u00e9sima administraci\u00f3n de su alcalde Jos\u00e9 Carlos Acosta. Todo comenz\u00f3 luego de que el secretario de gobierno, Mart\u00ed [&hellip;]<\/p>\n","protected":false},"author":1,"featured_media":20279,"comment_status":"closed","ping_status":"closed","sticky":false,"template":"","format":"standard","meta":{"footnotes":""},"categories":[35],"tags":[],"class_list":["post-20278","post","type-post","status-publish","format-standard","has-post-thumbnail","hentry","category-cdmx"],"_links":{"self":[{"href":"https:\/\/elinformante.mx\/index.php?rest_route=\/wp\/v2\/posts\/20278","targetHints":{"allow":["GET"]}}],"collection":[{"href":"https:\/\/elinformante.mx\/index.php?rest_route=\/wp\/v2\/posts"}],"about":[{"href":"https:\/\/elinformante.mx\/index.php?rest_route=\/wp\/v2\/types\/post"}],"author":[{"embeddable":true,"href":"https:\/\/elinformante.mx\/index.php?rest_route=\/wp\/v2\/users\/1"}],"replies":[{"embeddable":true,"href":"https:\/\/elinformante.mx\/index.php?rest_route=%2Fwp%2Fv2%2Fcomments&post=20278"}],"version-history":[{"count":0,"href":"https:\/\/elinformante.mx\/index.php?rest_route=\/wp\/v2\/posts\/20278\/revisions"}],"wp:featuredmedia":[{"embeddable":true,"href":"https:\/\/elinformante.mx\/index.php?rest_route=\/wp\/v2\/media\/20279"}],"wp:attachment":[{"href":"https:\/\/elinformante.mx\/index.php?rest_route=%2Fwp%2Fv2%2Fmedia&parent=20278"}],"wp:term":[{"taxonomy":"category","embeddable":true,"href":"https:\/\/elinformante.mx\/index.php?rest_route=%2Fwp%2Fv2%2Fcategories&post=20278"},{"taxonomy":"post_tag","embeddable":true,"href":"https:\/\/elinformante.mx\/index.php?rest_route=%2Fwp%2Fv2%2Ftags&post=20278"}],"curies":[{"name":"wp","href":"https:\/\/api.w.org\/{rel}","templated":true}]}}