{"id":20284,"date":"2023-02-21T14:56:39","date_gmt":"2023-02-21T14:56:39","guid":{"rendered":"https:\/\/elinformante.mx\/?p=20284"},"modified":"2023-02-21T14:56:40","modified_gmt":"2023-02-21T14:56:40","slug":"el-patron-quien-habria-mandado-matar-a-ciro-gomez-leyva-esta-identificado-garcia-harfuch","status":"publish","type":"post","link":"https:\/\/elinformante.mx\/?p=20284","title":{"rendered":"\u201cEl Patr\u00f3n\u201d, quien habr\u00eda mandado matar a Ciro G\u00f3mez Leyva, est\u00e1 identificado: Garc\u00eda Harfuch"},"content":{"rendered":"\n<blockquote class=\"wp-block-quote is-layout-flow wp-block-quote-is-layout-flow\">\n<p>El secretario de Seguridad asegur\u00f3 que \u2018El Patr\u00f3n\u2019 y otras personas que han mencionado los detenidos por el caso Ciro G\u00f3mez Leyva, est\u00e1n identificadas.<\/p>\n<\/blockquote>\n\n\n\n<p>El Patr\u00f3n, quien habr\u00eda mandado matar al periodista Ciro G\u00f3mez Leyva en diciembre de 2022, est\u00e1 identificado, asegur\u00f3 el secretario de Seguridad, Omar Garc\u00eda Harfuch, y dijo que todos los autores materiales confirmados est\u00e1n detenidos y la investigaci\u00f3n contin\u00faa ahora para ir tras los autores intelectuales.<br><\/p>\n\n\n\n<p>\u201cHay personas identificadas no s\u00f3lo \u00e9l (El Patr\u00f3n), sino de los que otros detenidos han hecho referencia; (El Patr\u00f3n) es una de las personas identificadas y vamos a analizar todo lo que los detenidos han mencionado y han declarado\u201d, dijo en conferencia de prensa.<br><\/p>\n\n\n\n<p>Cuestionado acerca si el C\u00e1rtel Jalisco Nueva Generaci\u00f3n est\u00e1 detr\u00e1s del atentado contra el periodista de Grupo Imagen, Garc\u00eda Harfuch dijo que eso lo han referido los detenidos, pero las investigaciones contin\u00faan.<br><\/p>\n\n\n\n<p>\u201cEllos mismos, hacen alusi\u00f3n o referencia a este grupo, sin embargo, con las \u00f3rdenes de aprehensi\u00f3n, estamos continuando la investigaci\u00f3n para, de acuerdo con las declaraciones, poder realizar otras detenciones\u201d, coment\u00f3.<br><\/p>\n\n\n\n<p>El secretario de Seguridad reconoci\u00f3 que hasta el momento no tienen establecido el m\u00f3vil del atentado contra Ciro G\u00f3mez Leyva, s\u00f3lo la autor\u00eda material y reiter\u00f3 que la investigaci\u00f3n contin\u00faa.<br><\/p>\n\n\n\n<figure class=\"wp-block-image size-large\"><img fetchpriority=\"high\" decoding=\"async\" width=\"1024\" height=\"503\" src=\"https:\/\/elinformante.mx\/wp-content\/uploads\/2023\/02\/EL-PATRON-1024x503.jpg\" alt=\"\" class=\"wp-image-20286\" srcset=\"https:\/\/elinformante.mx\/wp-content\/uploads\/2023\/02\/EL-PATRON-1024x503.jpg 1024w, https:\/\/elinformante.mx\/wp-content\/uploads\/2023\/02\/EL-PATRON-300x147.jpg 300w, https:\/\/elinformante.mx\/wp-content\/uploads\/2023\/02\/EL-PATRON-768x377.jpg 768w, https:\/\/elinformante.mx\/wp-content\/uploads\/2023\/02\/EL-PATRON-580x285.jpg 580w, https:\/\/elinformante.mx\/wp-content\/uploads\/2023\/02\/EL-PATRON-860x422.jpg 860w, https:\/\/elinformante.mx\/wp-content\/uploads\/2023\/02\/EL-PATRON.jpg 1140w\" sizes=\"(max-width: 1024px) 100vw, 1024px\" \/><\/figure>\n\n\n\n<p>Respecto a la versi\u00f3n de que Eduardo \u2019N\u2019, El Bart, quien dispar\u00f3 directamente a la camioneta de Ciro G\u00f3mez Leyva, mat\u00f3 a su c\u00f3mplice que conduc\u00eda la motocicleta en la que huy\u00f3 tras el ataque, Garc\u00eda Harfuch dijo que a\u00fan no tienen confirmada la identidad de la v\u00edctima.<br><\/p>\n\n\n\n<p>Agreg\u00f3 que est\u00e1 confirmado que El Bart asesin\u00f3 a una persona, pero a\u00fan no tienen la certeza de que sea quien conduc\u00eda la motocicleta, por lo que est\u00e1n a la espera que el propio detenido declare si se trata de \u00e9l o no.<br><\/p>\n\n\n\n<p>\u201cNo tenemos confirmado que sea \u00e9l (el que conduc\u00eda la motocicleta). Lo que tenemos confirmado es que \u00e9l asesina a una persona y vamos a esperar a que declare si es esta persona o no\u201d, indic\u00f3.<br><\/p>\n\n\n\n<p>Dijo que el asesinato ocurri\u00f3 en Tanganc\u00edcuaro, Michoac\u00e1n, a donde huy\u00f3 El Bart tras el atentado, pero est\u00e1n a la espera de obtener mayor informaci\u00f3n.<br><\/p>\n\n\n\n<p>En la audiencia en la que 11 de los detenidos fueron vinculados a proceso por el ataque contra el periodista se revel\u00f3 que El Bart hab\u00eda matado a Davies por \u201cfugar informaci\u00f3n\u201d y traicionar al CJNG.<\/p>\n","protected":false},"excerpt":{"rendered":"<p>El secretario de Seguridad asegur\u00f3 que \u2018El Patr\u00f3n\u2019 y otras personas que han mencionado los detenidos por el caso Ciro G\u00f3mez Leyva, est\u00e1n identificadas. El Patr\u00f3n, quien habr\u00eda mandado matar al periodista Ciro G\u00f3mez Leyva en diciembre de 2022, est\u00e1 identificado, asegur\u00f3 el secretario de Seguridad, Omar Garc\u00eda Harfuch, y dijo que todos los autores [&hellip;]<\/p>\n","protected":false},"author":1,"featured_media":20285,"comment_status":"closed","ping_status":"closed","sticky":false,"template":"","format":"standard","meta":{"footnotes":""},"categories":[35],"tags":[],"class_list":["post-20284","post","type-post","status-publish","format-standard","has-post-thumbnail","hentry","category-cdmx"],"_links":{"self":[{"href":"https:\/\/elinformante.mx\/index.php?rest_route=\/wp\/v2\/posts\/20284","targetHints":{"allow":["GET"]}}],"collection":[{"href":"https:\/\/elinformante.mx\/index.php?rest_route=\/wp\/v2\/posts"}],"about":[{"href":"https:\/\/elinformante.mx\/index.php?rest_route=\/wp\/v2\/types\/post"}],"author":[{"embeddable":true,"href":"https:\/\/elinformante.mx\/index.php?rest_route=\/wp\/v2\/users\/1"}],"replies":[{"embeddable":true,"href":"https:\/\/elinformante.mx\/index.php?rest_route=%2Fwp%2Fv2%2Fcomments&post=20284"}],"version-history":[{"count":0,"href":"https:\/\/elinformante.mx\/index.php?rest_route=\/wp\/v2\/posts\/20284\/revisions"}],"wp:featuredmedia":[{"embeddable":true,"href":"https:\/\/elinformante.mx\/index.php?rest_route=\/wp\/v2\/media\/20285"}],"wp:attachment":[{"href":"https:\/\/elinformante.mx\/index.php?rest_route=%2Fwp%2Fv2%2Fmedia&parent=20284"}],"wp:term":[{"taxonomy":"category","embeddable":true,"href":"https:\/\/elinformante.mx\/index.php?rest_route=%2Fwp%2Fv2%2Fcategories&post=20284"},{"taxonomy":"post_tag","embeddable":true,"href":"https:\/\/elinformante.mx\/index.php?rest_route=%2Fwp%2Fv2%2Ftags&post=20284"}],"curies":[{"name":"wp","href":"https:\/\/api.w.org\/{rel}","templated":true}]}}