{"id":20319,"date":"2023-02-22T13:59:29","date_gmt":"2023-02-22T13:59:29","guid":{"rendered":"https:\/\/elinformante.mx\/?p=20319"},"modified":"2023-02-22T14:00:12","modified_gmt":"2023-02-22T14:00:12","slug":"nuestra-prioridad-es-cuidar-de-la-seguridad-de-los-metepequenses-fernando-flores","status":"publish","type":"post","link":"https:\/\/elinformante.mx\/?p=20319","title":{"rendered":"Nuestra prioridad es cuidar de la seguridad de los metepequenses: Fernando Flores"},"content":{"rendered":"\n<blockquote class=\"wp-block-quote is-layout-flow wp-block-quote-is-layout-flow\">\n<p>El Presidente Municipal manifest\u00f3 que la labor de la polic\u00eda de Metepec ha sido fundamental para lograr estos avances.<\/p>\n<\/blockquote>\n\n\n\n<p>En la S\u00e9ptima Sesi\u00f3n Ordinaria del Consejo Municipal de Seguridad P\u00fablica, celebrada en el Parque San Jer\u00f3nimo Chicahualco, se llev\u00f3 a cabo un an\u00e1lisis detallado de los requerimientos de la ciudadan\u00eda para garantizar la integridad f\u00edsica y patrimonial de los habitantes, las familias y los visitantes.<br><\/p>\n\n\n\n<p>El alcalde Fernando Flores Fern\u00e1ndez, el cabildo, sociedad civil e instituciones de prevenci\u00f3n y atenci\u00f3n de actos delictivos y de procuraci\u00f3n de justicia, trabajan de manera conjunta para reducir los \u00edndices delictivos en el municipio. De esta manera, se ha logrado un impacto positivo en la seguridad de la zona, lo que ha permitido que los ciudadanos se sientan m\u00e1s protegidos.<br><\/p>\n\n\n\n<figure class=\"wp-block-image size-large\"><img fetchpriority=\"high\" decoding=\"async\" width=\"1024\" height=\"503\" src=\"https:\/\/elinformante.mx\/wp-content\/uploads\/2023\/02\/nuestra-2-1024x503.jpg\" alt=\"\" class=\"wp-image-20321\" srcset=\"https:\/\/elinformante.mx\/wp-content\/uploads\/2023\/02\/nuestra-2-1024x503.jpg 1024w, https:\/\/elinformante.mx\/wp-content\/uploads\/2023\/02\/nuestra-2-300x147.jpg 300w, https:\/\/elinformante.mx\/wp-content\/uploads\/2023\/02\/nuestra-2-768x377.jpg 768w, https:\/\/elinformante.mx\/wp-content\/uploads\/2023\/02\/nuestra-2-580x285.jpg 580w, https:\/\/elinformante.mx\/wp-content\/uploads\/2023\/02\/nuestra-2-860x422.jpg 860w, https:\/\/elinformante.mx\/wp-content\/uploads\/2023\/02\/nuestra-2.jpg 1140w\" sizes=\"(max-width: 1024px) 100vw, 1024px\" \/><\/figure>\n\n\n\n<p>Flores Fern\u00e1ndez manifest\u00f3 que la labor de la polic\u00eda de Metepec ha sido fundamental para lograr estos avances. De hecho, en un hecho reciente, gracias a la oportuna intervenci\u00f3n de nuestros elementos de seguridad, se evit\u00f3 el intento de suicidio de un joven sobre la vialidad Pino Su\u00e1rez.<br><\/p>\n\n\n\n<p>En Metepec, la integridad y el apoyo a los ciudadanos son una prioridad para las autoridades locales. Desde hace un a\u00f1o y dos meses, las pol\u00edticas p\u00fablicas se han hecho en consenso con la sociedad.<br><\/p>\n\n\n\n<p>Metepec se enorgullece de ser un municipio seguro y con pol\u00edticas p\u00fablicas enfocadas en el bienestar de todos sus ciudadanos.\u201d<\/p>\n","protected":false},"excerpt":{"rendered":"<p>El Presidente Municipal manifest\u00f3 que la labor de la polic\u00eda de Metepec ha sido fundamental para lograr estos avances. En la S\u00e9ptima Sesi\u00f3n Ordinaria del Consejo Municipal de Seguridad P\u00fablica, celebrada en el Parque San Jer\u00f3nimo Chicahualco, se llev\u00f3 a cabo un an\u00e1lisis detallado de los requerimientos de la ciudadan\u00eda para garantizar la integridad f\u00edsica [&hellip;]<\/p>\n","protected":false},"author":1,"featured_media":20320,"comment_status":"closed","ping_status":"closed","sticky":false,"template":"","format":"standard","meta":{"footnotes":""},"categories":[30,36],"tags":[],"class_list":["post-20319","post","type-post","status-publish","format-standard","has-post-thumbnail","hentry","category-destacado","category-edomex"],"_links":{"self":[{"href":"https:\/\/elinformante.mx\/index.php?rest_route=\/wp\/v2\/posts\/20319","targetHints":{"allow":["GET"]}}],"collection":[{"href":"https:\/\/elinformante.mx\/index.php?rest_route=\/wp\/v2\/posts"}],"about":[{"href":"https:\/\/elinformante.mx\/index.php?rest_route=\/wp\/v2\/types\/post"}],"author":[{"embeddable":true,"href":"https:\/\/elinformante.mx\/index.php?rest_route=\/wp\/v2\/users\/1"}],"replies":[{"embeddable":true,"href":"https:\/\/elinformante.mx\/index.php?rest_route=%2Fwp%2Fv2%2Fcomments&post=20319"}],"version-history":[{"count":0,"href":"https:\/\/elinformante.mx\/index.php?rest_route=\/wp\/v2\/posts\/20319\/revisions"}],"wp:featuredmedia":[{"embeddable":true,"href":"https:\/\/elinformante.mx\/index.php?rest_route=\/wp\/v2\/media\/20320"}],"wp:attachment":[{"href":"https:\/\/elinformante.mx\/index.php?rest_route=%2Fwp%2Fv2%2Fmedia&parent=20319"}],"wp:term":[{"taxonomy":"category","embeddable":true,"href":"https:\/\/elinformante.mx\/index.php?rest_route=%2Fwp%2Fv2%2Fcategories&post=20319"},{"taxonomy":"post_tag","embeddable":true,"href":"https:\/\/elinformante.mx\/index.php?rest_route=%2Fwp%2Fv2%2Ftags&post=20319"}],"curies":[{"name":"wp","href":"https:\/\/api.w.org\/{rel}","templated":true}]}}