{"id":20901,"date":"2023-03-01T14:02:33","date_gmt":"2023-03-01T14:02:33","guid":{"rendered":"https:\/\/elinformante.mx\/?p=20901"},"modified":"2023-03-01T14:02:34","modified_gmt":"2023-03-01T14:02:34","slug":"dimite-presidente-del-futbol-de-francia-noel-le-graet-por-escandalos","status":"publish","type":"post","link":"https:\/\/elinformante.mx\/?p=20901","title":{"rendered":"Dimite presidente del F\u00fatbol de Francia, Noel Le Graet, por esc\u00e1ndalos"},"content":{"rendered":"\n<blockquote class=\"wp-block-quote is-layout-flow wp-block-quote-is-layout-flow\">\n<p>Noel le Graet, presidente del futbol de Francia, anunci\u00f3 su dimisi\u00f3n tras acusaciones de acoso sexual y psicol\u00f3gico.<br><\/p>\n<\/blockquote>\n\n\n\n<p>Noel le Graet, presidente del futbol franc\u00e9s, anunci\u00f3 su dimisi\u00f3n a su comit\u00e9 ejecutivo tras meses de acusaciones de acoso sexual y psicol\u00f3gico, inform\u00f3 un miembro de la Federaci\u00f3n Francesa de Futbol.<br><\/p>\n\n\n\n<p>Le Graet, de 81 a\u00f1os, ha presidido la federaci\u00f3n por 11 a\u00f1os, un per\u00edodo en el que la selecci\u00f3n masculina de futbol gan\u00f3 el Mundial de 2018 y fue finalista derrotada en la Copa del a\u00f1o pasado.<br><\/p>\n\n\n\n<figure class=\"wp-block-image size-large\"><img fetchpriority=\"high\" decoding=\"async\" width=\"1024\" height=\"503\" src=\"https:\/\/elinformante.mx\/wp-content\/uploads\/2023\/03\/DIMITE-1024x503.jpg\" alt=\"\" class=\"wp-image-20903\" srcset=\"https:\/\/elinformante.mx\/wp-content\/uploads\/2023\/03\/DIMITE-1024x503.jpg 1024w, https:\/\/elinformante.mx\/wp-content\/uploads\/2023\/03\/DIMITE-300x147.jpg 300w, https:\/\/elinformante.mx\/wp-content\/uploads\/2023\/03\/DIMITE-768x377.jpg 768w, https:\/\/elinformante.mx\/wp-content\/uploads\/2023\/03\/DIMITE-580x285.jpg 580w, https:\/\/elinformante.mx\/wp-content\/uploads\/2023\/03\/DIMITE-860x422.jpg 860w, https:\/\/elinformante.mx\/wp-content\/uploads\/2023\/03\/DIMITE.jpg 1140w\" sizes=\"(max-width: 1024px) 100vw, 1024px\" \/><\/figure>\n\n\n\n<p>Su renuncia llega 13 d\u00edas despu\u00e9s de la publicaci\u00f3n de una investigaci\u00f3n gubernamental llevada a cabo por la Inspecci\u00f3n General de Educaci\u00f3n, Deporte e Investigaci\u00f3n (IGESR), que conclu\u00eda que el comportamiento de Le Graet era \u201cincompatible con el ejercicio de las funciones y la exigencia de ejemplaridad que est\u00e1 unida a su cargo\u201d.<br><\/p>\n\n\n\n<p>Este informe se\u00f1alaba las \u201copiniones p\u00fablicas fuera de lugar\u201d y el \u201ccomportamiento inapropiado hacia las mujeres\u201d en especial a trav\u00e9s de \u201cmensajes de texto ambiguos para algunos y con un car\u00e1cter claramente sexual para otros\u201d, e \u201cinvitaba a las instancias federales a examinar esta situaci\u00f3n aplicando los dispositivos recogidos en los estatutos\u201d.<br><\/p>\n\n\n\n<p>Finalmente, ha sido el propio Noel le Graet quien ha anunciado su dimisi\u00f3n a su comit\u00e9 ejecutivo.<\/p>\n","protected":false},"excerpt":{"rendered":"<p>Noel le Graet, presidente del futbol de Francia, anunci\u00f3 su dimisi\u00f3n tras acusaciones de acoso sexual y psicol\u00f3gico. Noel le Graet, presidente del futbol franc\u00e9s, anunci\u00f3 su dimisi\u00f3n a su comit\u00e9 ejecutivo tras meses de acusaciones de acoso sexual y psicol\u00f3gico, inform\u00f3 un miembro de la Federaci\u00f3n Francesa de Futbol. Le Graet, de 81 a\u00f1os, [&hellip;]<\/p>\n","protected":false},"author":1,"featured_media":20902,"comment_status":"closed","ping_status":"closed","sticky":false,"template":"","format":"standard","meta":{"footnotes":""},"categories":[38,30],"tags":[],"class_list":["post-20901","post","type-post","status-publish","format-standard","has-post-thumbnail","hentry","category-deportes","category-destacado"],"_links":{"self":[{"href":"https:\/\/elinformante.mx\/index.php?rest_route=\/wp\/v2\/posts\/20901","targetHints":{"allow":["GET"]}}],"collection":[{"href":"https:\/\/elinformante.mx\/index.php?rest_route=\/wp\/v2\/posts"}],"about":[{"href":"https:\/\/elinformante.mx\/index.php?rest_route=\/wp\/v2\/types\/post"}],"author":[{"embeddable":true,"href":"https:\/\/elinformante.mx\/index.php?rest_route=\/wp\/v2\/users\/1"}],"replies":[{"embeddable":true,"href":"https:\/\/elinformante.mx\/index.php?rest_route=%2Fwp%2Fv2%2Fcomments&post=20901"}],"version-history":[{"count":0,"href":"https:\/\/elinformante.mx\/index.php?rest_route=\/wp\/v2\/posts\/20901\/revisions"}],"wp:featuredmedia":[{"embeddable":true,"href":"https:\/\/elinformante.mx\/index.php?rest_route=\/wp\/v2\/media\/20902"}],"wp:attachment":[{"href":"https:\/\/elinformante.mx\/index.php?rest_route=%2Fwp%2Fv2%2Fmedia&parent=20901"}],"wp:term":[{"taxonomy":"category","embeddable":true,"href":"https:\/\/elinformante.mx\/index.php?rest_route=%2Fwp%2Fv2%2Fcategories&post=20901"},{"taxonomy":"post_tag","embeddable":true,"href":"https:\/\/elinformante.mx\/index.php?rest_route=%2Fwp%2Fv2%2Ftags&post=20901"}],"curies":[{"name":"wp","href":"https:\/\/api.w.org\/{rel}","templated":true}]}}