{"id":20909,"date":"2023-03-01T14:19:15","date_gmt":"2023-03-01T14:19:15","guid":{"rendered":"https:\/\/elinformante.mx\/?p=20909"},"modified":"2023-03-01T14:19:16","modified_gmt":"2023-03-01T14:19:16","slug":"presentan-ss-ums-y-casede-el-libro-atlas-de-seguridad-del-estado-de-mexico-2022","status":"publish","type":"post","link":"https:\/\/elinformante.mx\/?p=20909","title":{"rendered":"Presentan SS, UMS y Casede el libro Atlas de Seguridad del Estado de M\u00e9xico 2022"},"content":{"rendered":"\n<blockquote class=\"wp-block-quote is-layout-flow wp-block-quote-is-layout-flow\">\n<p>Rodrigo Mart\u00ednez-Celis Wogau, quien particip\u00f3 activamente en la edici\u00f3n de este documento junto con especialistas en materia de seguridad, indic\u00f3 que este ser\u00e1 un legado que ayudar\u00e1 a que en el futuro inmediato puedan establecer estrategias efectivas en el combate a la delincuencia.<\/p>\n<\/blockquote>\n\n\n\n<p>Con la finalidad de crear un instrumento que sirva como base de conocimientos para afrontar la delincuencia en el territorio estatal, la Secretar\u00eda de Seguridad (SS) en colaboraci\u00f3n con la Universidad Mexiquense de Seguridad (UMS) y el Colectivo de An\u00e1lisis de la Seguridad con Democracia, A.C. (CASEDE), presentaron el Atlas de la Seguridad del Estado de M\u00e9xico 2022, en el marco del Seminario sobre Violencia y Paz del Colegio de M\u00e9xico.<br><\/p>\n\n\n\n<p>El proyecto de investigaci\u00f3n tiene como prop\u00f3sito integrar en un solo documento la informaci\u00f3n disponible en materia de seguridad, en el se encontrar\u00e1n datos del Instituto Nacional de Estad\u00edstica y Geograf\u00eda (INEGI), el Secretariado Ejecutivo del Sistema Nacional de Seguridad P\u00fablica (SESNSP), adem\u00e1s de los generados por el Gobierno del Estado de M\u00e9xico y datos elaborados por la Direcci\u00f3n General de Informaci\u00f3n de la propia SS.<br><\/p>\n\n\n\n<figure class=\"wp-block-image size-large\"><img fetchpriority=\"high\" decoding=\"async\" width=\"1024\" height=\"503\" src=\"https:\/\/elinformante.mx\/wp-content\/uploads\/2023\/03\/PRESENTA-SS-1024x503.jpg\" alt=\"\" class=\"wp-image-20911\" srcset=\"https:\/\/elinformante.mx\/wp-content\/uploads\/2023\/03\/PRESENTA-SS-1024x503.jpg 1024w, https:\/\/elinformante.mx\/wp-content\/uploads\/2023\/03\/PRESENTA-SS-300x147.jpg 300w, https:\/\/elinformante.mx\/wp-content\/uploads\/2023\/03\/PRESENTA-SS-768x377.jpg 768w, https:\/\/elinformante.mx\/wp-content\/uploads\/2023\/03\/PRESENTA-SS-580x285.jpg 580w, https:\/\/elinformante.mx\/wp-content\/uploads\/2023\/03\/PRESENTA-SS-860x422.jpg 860w, https:\/\/elinformante.mx\/wp-content\/uploads\/2023\/03\/PRESENTA-SS.jpg 1140w\" sizes=\"(max-width: 1024px) 100vw, 1024px\" \/><\/figure>\n\n\n\n<p>Al dirigir su mensaje en las instalaciones del Colegio de M\u00e9xico, Rodrigo Mart\u00ednez-Celis Wogau y editor del Atlas de la Seguridad del Estado de M\u00e9xico 2022 indic\u00f3 que para alcanzar los objetivos durante la realizaci\u00f3n de este importante documento fue necesario tomar en cuenta tres puntos, el primero la participaci\u00f3n de la academia y su conjugaci\u00f3n con la operatividad y en el segundo el trabajo coordinado en todos los componentes en el tema de seguridad, como lo es la Fiscal\u00eda General de Justicia del Estado de M\u00e9xico, el Poder Judicial, el Sistema Penitenciario, la Polic\u00eda Estatal y las Polic\u00edas Municipales.<br><\/p>\n\n\n\n<p>Para finalizar se tomaron en cuenta las estrategias de seguridad que se han implementado en el Edom\u00e9x, mismas que forman parte de cinco ejes prioritarios, el primero es el intercambio de informaci\u00f3n que llega a la SS, mediante denuncias; el segundo eje es la construcci\u00f3n de inteligencia estrat\u00e9gica. El tercero es el desarrollo profesional de todos los elementos de la SS; en el cuarto punto se contempla el aprovechamiento de las herramientas tecnol\u00f3gicas para eficientar la seguridad y el quinto y \u00faltimo aborda un despliegue operativo eficaz.<br><\/p>\n\n\n\n<figure class=\"wp-block-image size-large\"><img decoding=\"async\" width=\"1024\" height=\"503\" src=\"https:\/\/elinformante.mx\/wp-content\/uploads\/2023\/03\/PRESENTA-SS-4-1024x503.jpg\" alt=\"\" class=\"wp-image-20912\" srcset=\"https:\/\/elinformante.mx\/wp-content\/uploads\/2023\/03\/PRESENTA-SS-4-1024x503.jpg 1024w, https:\/\/elinformante.mx\/wp-content\/uploads\/2023\/03\/PRESENTA-SS-4-300x147.jpg 300w, https:\/\/elinformante.mx\/wp-content\/uploads\/2023\/03\/PRESENTA-SS-4-768x377.jpg 768w, https:\/\/elinformante.mx\/wp-content\/uploads\/2023\/03\/PRESENTA-SS-4-580x285.jpg 580w, https:\/\/elinformante.mx\/wp-content\/uploads\/2023\/03\/PRESENTA-SS-4-860x422.jpg 860w, https:\/\/elinformante.mx\/wp-content\/uploads\/2023\/03\/PRESENTA-SS-4.jpg 1140w\" sizes=\"(max-width: 1024px) 100vw, 1024px\" \/><\/figure>\n\n\n\n<p>En su intervenci\u00f3n, la Rectora de la Universidad Mexiquense de Seguridad (UMS), Griselda Camacho T\u00e9llez expres\u00f3 la importancia de profesionalizar a los elementos de la Polic\u00eda Estatal, a los polic\u00edas municipales y agentes de la Fiscal\u00eda General de Justicia (FGJEM), ya que con esto se proporcionan herramientas que los ayudan a realizar su trabajo de una manera m\u00e1s eficiente; aunado a que se les da a conocer los protocolos de actuaci\u00f3n y la forma correcta para implementarlos en campo con el objetivo de ayudar a la ciudadan\u00eda.<br><\/p>\n\n\n\n<p>Para finalizar el evento el Presidente del Tribunal Superior de Justicia del Estado de M\u00e9xico y del Consejo de la Judicatura, Magdo. Dr. Ricardo Alfredo Sodi Cuellar, expuso que en el Estado de M\u00e9xico el trabajo interinstitucional es fundamental para fortalecer las instituciones de la entidad, mismas que garantizan la seguridad de las y los ciudadanos.<\/p>\n\n\n\n<figure class=\"wp-block-image size-large\"><img decoding=\"async\" width=\"1024\" height=\"503\" src=\"https:\/\/elinformante.mx\/wp-content\/uploads\/2023\/03\/PRESENTA-SS-3-1024x503.jpg\" alt=\"\" class=\"wp-image-20913\" srcset=\"https:\/\/elinformante.mx\/wp-content\/uploads\/2023\/03\/PRESENTA-SS-3-1024x503.jpg 1024w, https:\/\/elinformante.mx\/wp-content\/uploads\/2023\/03\/PRESENTA-SS-3-300x147.jpg 300w, https:\/\/elinformante.mx\/wp-content\/uploads\/2023\/03\/PRESENTA-SS-3-768x377.jpg 768w, https:\/\/elinformante.mx\/wp-content\/uploads\/2023\/03\/PRESENTA-SS-3-580x285.jpg 580w, https:\/\/elinformante.mx\/wp-content\/uploads\/2023\/03\/PRESENTA-SS-3-860x422.jpg 860w, https:\/\/elinformante.mx\/wp-content\/uploads\/2023\/03\/PRESENTA-SS-3.jpg 1140w\" sizes=\"(max-width: 1024px) 100vw, 1024px\" \/><\/figure>\n","protected":false},"excerpt":{"rendered":"<p>Rodrigo Mart\u00ednez-Celis Wogau, quien particip\u00f3 activamente en la edici\u00f3n de este documento junto con especialistas en materia de seguridad, indic\u00f3 que este ser\u00e1 un legado que ayudar\u00e1 a que en el futuro inmediato puedan establecer estrategias efectivas en el combate a la delincuencia. Con la finalidad de crear un instrumento que sirva como base de [&hellip;]<\/p>\n","protected":false},"author":1,"featured_media":20910,"comment_status":"closed","ping_status":"closed","sticky":false,"template":"","format":"standard","meta":{"footnotes":""},"categories":[30,36],"tags":[],"class_list":["post-20909","post","type-post","status-publish","format-standard","has-post-thumbnail","hentry","category-destacado","category-edomex"],"_links":{"self":[{"href":"https:\/\/elinformante.mx\/index.php?rest_route=\/wp\/v2\/posts\/20909","targetHints":{"allow":["GET"]}}],"collection":[{"href":"https:\/\/elinformante.mx\/index.php?rest_route=\/wp\/v2\/posts"}],"about":[{"href":"https:\/\/elinformante.mx\/index.php?rest_route=\/wp\/v2\/types\/post"}],"author":[{"embeddable":true,"href":"https:\/\/elinformante.mx\/index.php?rest_route=\/wp\/v2\/users\/1"}],"replies":[{"embeddable":true,"href":"https:\/\/elinformante.mx\/index.php?rest_route=%2Fwp%2Fv2%2Fcomments&post=20909"}],"version-history":[{"count":0,"href":"https:\/\/elinformante.mx\/index.php?rest_route=\/wp\/v2\/posts\/20909\/revisions"}],"wp:featuredmedia":[{"embeddable":true,"href":"https:\/\/elinformante.mx\/index.php?rest_route=\/wp\/v2\/media\/20910"}],"wp:attachment":[{"href":"https:\/\/elinformante.mx\/index.php?rest_route=%2Fwp%2Fv2%2Fmedia&parent=20909"}],"wp:term":[{"taxonomy":"category","embeddable":true,"href":"https:\/\/elinformante.mx\/index.php?rest_route=%2Fwp%2Fv2%2Fcategories&post=20909"},{"taxonomy":"post_tag","embeddable":true,"href":"https:\/\/elinformante.mx\/index.php?rest_route=%2Fwp%2Fv2%2Ftags&post=20909"}],"curies":[{"name":"wp","href":"https:\/\/api.w.org\/{rel}","templated":true}]}}