{"id":20925,"date":"2023-03-01T14:39:31","date_gmt":"2023-03-01T14:39:31","guid":{"rendered":"https:\/\/elinformante.mx\/?p=20925"},"modified":"2023-03-01T14:39:32","modified_gmt":"2023-03-01T14:39:32","slug":"visibiliza-gem-el-valor-de-los-cuidados","status":"publish","type":"post","link":"https:\/\/elinformante.mx\/?p=20925","title":{"rendered":"Visibiliza GEM el valor de los cuidados"},"content":{"rendered":"\n<blockquote class=\"wp-block-quote is-layout-flow wp-block-quote-is-layout-flow\">\n<p>Se\u00f1alan que las mujeres dedican 43 horas semanales, en promedio, a tareas del hogar y cuidado no remunerado, esto es 2.3 veces m\u00e1s que los hombres.<\/p>\n<\/blockquote>\n\n\n\n<p>Con la finalidad de promover la corresponsabilidad y romper las brechas de desigualdad que existen entre mujeres y hombres en el tema de cuidados, prioridad de la administraci\u00f3n del Gobernador Alfredo Del Mazo Maza, la Secretar\u00eda de las Mujeres (Semujeres) llev\u00f3 a cabo la conferencia \u201cEl valor del cuidado\u201d.<br><\/p>\n\n\n\n<p>Para la titular de la Semujeres, Denisse Ugalde Alegr\u00eda, es importante reflexionar sobre el v\u00ednculo entre la perspectiva de g\u00e9nero y las actividades de cuidados para contribuir a la creaci\u00f3n de nuevas posturas que ayuden a impulsar la igualdad entre mujeres y hombres.<br><\/p>\n\n\n\n<p>Por ello, en la conferencia impartida por personal de la Direcci\u00f3n General de Perspectiva de G\u00e9nero a personas adultas mayores, se explic\u00f3 que el cuidado se ha conceptualizado como una aptitud s\u00f3lo de las mujeres que tiene un v\u00ednculo con los mitos del amor rom\u00e1ntico.<br><\/p>\n\n\n\n<p>Sin embargo, esto debe tener una corresponsabilidad y no verse s\u00f3lo como un tema de g\u00e9nero, los hombres tambi\u00e9n pueden desempe\u00f1ar ciertas actividades.<br><\/p>\n\n\n\n<p>Se coment\u00f3 que de acuerdo con cifras del Instituto Nacional de Estad\u00edstica y Geograf\u00eda (INEGI), m\u00e1s de la mitad de las mujeres que se encuentran trabajando de forma remunerada dejan de hacerlo al convertirse en madres y menos de la mitad de las mujeres en edad productiva se desempe\u00f1a en alg\u00fan trabajo remunerado.<br><\/p>\n\n\n\n<p>Las mujeres dedican 43 horas semanales, en promedio, a tareas del hogar y cuidado no remunerado esto es 2.3 veces m\u00e1s que los hombres y ello en muchas ocasiones representa una segunda y triple jornada laboral, adem\u00e1s de que el trabajo dom\u00e9stico no remunerado equivale al 23 por ciento del Producto Interno Bruto (PIB) nacional.<br><\/p>\n\n\n\n<p>Ante este panorama, se se\u00f1al\u00f3 que es importante que se sigan impulsando pol\u00edticas p\u00fablicas para el trabajo de cuidados que permitan a las mujeres tener una armon\u00eda entre los \u00e1mbitos p\u00fablico y privado, visibilizar que estas no son tareas exclusivas de un g\u00e9nero, as\u00ed como un ejercicio de redise\u00f1o de los programas, servicios y acciones que ya existen encaminado a la reducci\u00f3n de la sobrecarga de tiempo de cuidados.<br><\/p>\n\n\n\n<p>Sumado a esta conferencia, a trav\u00e9s del M\u00f3dulo Itinerante de Adultas Mayores, se acerca a la poblaci\u00f3n los servicios gratuitos que ofrece la Semujeres, a fin de atender sus necesidades, las personas interesadas pueden comunicarse al 722-934-2700 ext. 2726 o escribir al correo electr\u00f3nico subaid.semujeres@edomex.gob.mx, as\u00ed como revisar las redes sociales de la Secretar\u00eda, Facebook y Twitter, @SeMujeresEdomex, donde tambi\u00e9n se publican las pr\u00f3ximas fechas y los municipios en los que se instalar\u00e1n estos m\u00f3dulos.<\/p>\n","protected":false},"excerpt":{"rendered":"<p>Se\u00f1alan que las mujeres dedican 43 horas semanales, en promedio, a tareas del hogar y cuidado no remunerado, esto es 2.3 veces m\u00e1s que los hombres. Con la finalidad de promover la corresponsabilidad y romper las brechas de desigualdad que existen entre mujeres y hombres en el tema de cuidados, prioridad de la administraci\u00f3n del [&hellip;]<\/p>\n","protected":false},"author":1,"featured_media":20926,"comment_status":"closed","ping_status":"closed","sticky":false,"template":"","format":"standard","meta":{"footnotes":""},"categories":[30,36],"tags":[],"class_list":["post-20925","post","type-post","status-publish","format-standard","has-post-thumbnail","hentry","category-destacado","category-edomex"],"_links":{"self":[{"href":"https:\/\/elinformante.mx\/index.php?rest_route=\/wp\/v2\/posts\/20925","targetHints":{"allow":["GET"]}}],"collection":[{"href":"https:\/\/elinformante.mx\/index.php?rest_route=\/wp\/v2\/posts"}],"about":[{"href":"https:\/\/elinformante.mx\/index.php?rest_route=\/wp\/v2\/types\/post"}],"author":[{"embeddable":true,"href":"https:\/\/elinformante.mx\/index.php?rest_route=\/wp\/v2\/users\/1"}],"replies":[{"embeddable":true,"href":"https:\/\/elinformante.mx\/index.php?rest_route=%2Fwp%2Fv2%2Fcomments&post=20925"}],"version-history":[{"count":0,"href":"https:\/\/elinformante.mx\/index.php?rest_route=\/wp\/v2\/posts\/20925\/revisions"}],"wp:featuredmedia":[{"embeddable":true,"href":"https:\/\/elinformante.mx\/index.php?rest_route=\/wp\/v2\/media\/20926"}],"wp:attachment":[{"href":"https:\/\/elinformante.mx\/index.php?rest_route=%2Fwp%2Fv2%2Fmedia&parent=20925"}],"wp:term":[{"taxonomy":"category","embeddable":true,"href":"https:\/\/elinformante.mx\/index.php?rest_route=%2Fwp%2Fv2%2Fcategories&post=20925"},{"taxonomy":"post_tag","embeddable":true,"href":"https:\/\/elinformante.mx\/index.php?rest_route=%2Fwp%2Fv2%2Ftags&post=20925"}],"curies":[{"name":"wp","href":"https:\/\/api.w.org\/{rel}","templated":true}]}}