{"id":20928,"date":"2023-03-01T14:44:29","date_gmt":"2023-03-01T14:44:29","guid":{"rendered":"https:\/\/elinformante.mx\/?p=20928"},"modified":"2023-03-01T16:02:08","modified_gmt":"2023-03-01T16:02:08","slug":"asiste-alfredo-del-mazo-al-arribo-del-primer-vuelo-comercial-en-el-aeropuerto-internacional-felipe-angeles","status":"publish","type":"post","link":"https:\/\/elinformante.mx\/?p=20928","title":{"rendered":"Asiste Alfredo del Mazo al arribo del primer vuelo comercial en el Aeropuerto Internacional \u201cFelipe \u00c1ngeles\u201d"},"content":{"rendered":"\n<blockquote class=\"wp-block-quote is-layout-flow wp-block-quote-is-layout-flow\">\n<p>El Gobernador mexiquense estuvo al lado del Presidente L\u00f3pez Obrador, de los Secretarios de la Defensa Nacional y de Infraestructura, Comunicaciones y Transportes, Luis Cresencio Sandoval Gonz\u00e1lez y Jorge Nu\u00f1o Lara, respectivamente, as\u00ed como de Claudia Sheinbaum Pardo, Jefa de Gobierno de la Ciudad de M\u00e9xico y de Julio Menchaca Salazar, Gobernador de Hidalgo.<\/p>\n<\/blockquote>\n\n\n\n<p>El Gobernador del Estado de M\u00e9xico, Alfredo Del Mazo Maza, acompa\u00f1\u00f3 al Presidente de la Rep\u00fablica, Andr\u00e9s Manuel L\u00f3pez Obrador, a presenciar el arribo del primer vuelo de carga de la compa\u00f1\u00eda DHL Express M\u00e9xico, en el Aeropuerto Internacional \u201cFelipe \u00c1ngeles\u201d (AIFA).<br><\/p>\n\n\n\n<p>Con el aterrizaje del avi\u00f3n Boeing 137, piloteado por la capitana M\u00f3nica Mieles, inicia una importante etapa para el AIFA y para el Edom\u00e9x, ya que afianza la posici\u00f3n de la entidad como el coraz\u00f3n log\u00edstico del pa\u00eds, al recibir vuelos de una empresa l\u00edder como DHL Express, lo cual permitir\u00e1 la expansi\u00f3n de su capacidad operativa.<br><\/p>\n\n\n\n<p>\u00c9sta y otras empresas globales pueden beneficiarse con el desarrollo del AIFA, ya que el proyecto ha estado acompa\u00f1ado de un plan de conectividad integral, en el que el Gobierno del Estado de M\u00e9xico ha tenido una relevante participaci\u00f3n.<br><\/p>\n\n\n\n<p>Ah\u00ed, el Presidente mexicano recalc\u00f3 que el Aeropuerto \u201cFelipe \u00c1ngeles\u201d tiene un gran futuro al contar con una extensi\u00f3n de tres mil hect\u00e1reas, superior al de la capital nacional que cuenta con 600 hect\u00e1reas.<br><\/p>\n\n\n\n<p>Agradeci\u00f3 tambi\u00e9n a la empresa DHL por ser los pioneros en trasladar sus actividades a esta nueva terminal a\u00e9rea y reconoci\u00f3 su confianza por invertir m\u00e1s de 12 mil millones de pesos para su expansi\u00f3n en el pa\u00eds.<br><\/p>\n\n\n\n<figure class=\"wp-block-image size-large\"><img fetchpriority=\"high\" decoding=\"async\" width=\"1024\" height=\"503\" src=\"https:\/\/elinformante.mx\/wp-content\/uploads\/2023\/03\/ASISTE-2-1024x503.jpg\" alt=\"\" class=\"wp-image-20930\" srcset=\"https:\/\/elinformante.mx\/wp-content\/uploads\/2023\/03\/ASISTE-2-1024x503.jpg 1024w, https:\/\/elinformante.mx\/wp-content\/uploads\/2023\/03\/ASISTE-2-300x147.jpg 300w, https:\/\/elinformante.mx\/wp-content\/uploads\/2023\/03\/ASISTE-2-768x377.jpg 768w, https:\/\/elinformante.mx\/wp-content\/uploads\/2023\/03\/ASISTE-2-580x285.jpg 580w, https:\/\/elinformante.mx\/wp-content\/uploads\/2023\/03\/ASISTE-2-860x422.jpg 860w, https:\/\/elinformante.mx\/wp-content\/uploads\/2023\/03\/ASISTE-2.jpg 1140w\" sizes=\"(max-width: 1024px) 100vw, 1024px\" \/><\/figure>\n\n\n\n<p>Con el inicio de estas operaciones, explic\u00f3 el Director General de este Aeropuerto, Isidoro Pastor Rom\u00e1n, contin\u00faa el proceso del traslado de operaciones de carga del Aeropuerto Internacional \u201cBenito Ju\u00e1rez\u201d al AIFA, con la finalidad de reducir la saturaci\u00f3n del aeropuerto capitalino, contribuyendo al mismo tiempo a mejorar la seguridad en las operaciones a\u00e9reas, y asegur\u00f3 que el Aeropuerto \u201cFelipe \u00c1ngeles\u201d tiene capacidad para procesar m\u00e1s de 590 mil toneladas de mercanc\u00edas al a\u00f1o.<br><\/p>\n\n\n\n<p>El Director Ejecutivo de DHL Express M\u00e9xico, Antonio Arranz, inform\u00f3 que la presencia de esta empresa en el AIFA generar\u00e1 280 nuevos empleos, y precis\u00f3 que sus operaciones se desarrollar\u00e1n en una superficie de cinco mil metros cuadrados dentro del Aeropuerto.<br><\/p>\n\n\n\n<p>Reunidos en la Terminal de Carga y Aduana de esta terminal a\u00e9rea, el Gobernador mexiquense estuvo al lado del Presidente L\u00f3pez Obrador, de los Secretarios de la Defensa Nacional y de Infraestructura, Comunicaciones y Transportes, Luis Crecencio Sandoval Gonz\u00e1lez y Jorge Nu\u00f1o Lara, respectivamente, as\u00ed como de Claudia Sheinbaum Pardo, Jefa de Gobierno de la Ciudad de M\u00e9xico y de Julio Menchaca Salazar, Gobernador de Hidalgo.<br><\/p>\n\n\n\n<p>Tambi\u00e9n estuvieron presentes Mike Parra, CEO de DHL Am\u00e9rica, Carlos Sarabia D\u00edaz, Director General de Nexen-XtraEntrega, Rafael Mar\u00edn Mollinedo, titular de la Agencia Nacional de Aduanas de M\u00e9xico, Miguel Enrique Vall\u00edn Osuna, Director de la Agencia Federal de Aviaci\u00f3n Civil y Oscar Artemio Arguello Ruiz, Director General de Aeropuertos y Servicios Auxiliares.<br><\/p>\n\n\n\n<p>En este evento tambi\u00e9n se ley\u00f3 el Decreto que establece el cierre del Aeropuerto Internacional de la Ciudad de M\u00e9xico \u201cBenito Ju\u00e1rez\u201d, para las operaciones del servicio al p\u00fablico de transporte a\u00e9reo, emitido el 2 de febrero del 2023 en el Diario Oficial de la Federaci\u00f3n.<br><\/p>\n\n\n\n<p>Adem\u00e1s, el Presidente de M\u00e9xico cort\u00f3 el list\u00f3n inaugural del recinto fiscalizado de Nexen, el cual recorri\u00f3 en compa\u00f1\u00eda de diversas autoridades y puso en marcha el mecanismo para el manejo de carga y demostraci\u00f3n de su proceso en el recinto fiscalizado de DHL.<\/p>\n","protected":false},"excerpt":{"rendered":"<p>El Gobernador mexiquense estuvo al lado del Presidente L\u00f3pez Obrador, de los Secretarios de la Defensa Nacional y de Infraestructura, Comunicaciones y Transportes, Luis Cresencio Sandoval Gonz\u00e1lez y Jorge Nu\u00f1o Lara, respectivamente, as\u00ed como de Claudia Sheinbaum Pardo, Jefa de Gobierno de la Ciudad de M\u00e9xico y de Julio Menchaca Salazar, Gobernador de Hidalgo. El [&hellip;]<\/p>\n","protected":false},"author":1,"featured_media":20929,"comment_status":"closed","ping_status":"closed","sticky":false,"template":"","format":"standard","meta":{"footnotes":""},"categories":[30,36],"tags":[],"class_list":["post-20928","post","type-post","status-publish","format-standard","has-post-thumbnail","hentry","category-destacado","category-edomex"],"_links":{"self":[{"href":"https:\/\/elinformante.mx\/index.php?rest_route=\/wp\/v2\/posts\/20928","targetHints":{"allow":["GET"]}}],"collection":[{"href":"https:\/\/elinformante.mx\/index.php?rest_route=\/wp\/v2\/posts"}],"about":[{"href":"https:\/\/elinformante.mx\/index.php?rest_route=\/wp\/v2\/types\/post"}],"author":[{"embeddable":true,"href":"https:\/\/elinformante.mx\/index.php?rest_route=\/wp\/v2\/users\/1"}],"replies":[{"embeddable":true,"href":"https:\/\/elinformante.mx\/index.php?rest_route=%2Fwp%2Fv2%2Fcomments&post=20928"}],"version-history":[{"count":0,"href":"https:\/\/elinformante.mx\/index.php?rest_route=\/wp\/v2\/posts\/20928\/revisions"}],"wp:featuredmedia":[{"embeddable":true,"href":"https:\/\/elinformante.mx\/index.php?rest_route=\/wp\/v2\/media\/20929"}],"wp:attachment":[{"href":"https:\/\/elinformante.mx\/index.php?rest_route=%2Fwp%2Fv2%2Fmedia&parent=20928"}],"wp:term":[{"taxonomy":"category","embeddable":true,"href":"https:\/\/elinformante.mx\/index.php?rest_route=%2Fwp%2Fv2%2Fcategories&post=20928"},{"taxonomy":"post_tag","embeddable":true,"href":"https:\/\/elinformante.mx\/index.php?rest_route=%2Fwp%2Fv2%2Ftags&post=20928"}],"curies":[{"name":"wp","href":"https:\/\/api.w.org\/{rel}","templated":true}]}}