{"id":20932,"date":"2023-03-01T14:54:52","date_gmt":"2023-03-01T14:54:52","guid":{"rendered":"https:\/\/elinformante.mx\/?p=20932"},"modified":"2023-03-01T14:54:53","modified_gmt":"2023-03-01T14:54:53","slug":"anuncia-claudia-sheinbaum-inversion-de-350-mdp-para-la-escuela-es-nuestra-2023","status":"publish","type":"post","link":"https:\/\/elinformante.mx\/?p=20932","title":{"rendered":"Anuncia Claudia Sheinbaum inversi\u00f3n de 350 MDP para \u201cLa Escuela es Nuestra 2023\u201d"},"content":{"rendered":"\n<blockquote class=\"wp-block-quote is-layout-flow wp-block-quote-is-layout-flow\">\n<p>Claudia Sheinbaum dio inicio al arranque de este proyecto que busca mejorar las instalaciones de las escuelas p\u00fablicas.<\/p>\n<\/blockquote>\n\n\n\n<p>El programa \u201cLa Escuela es Nuestra &#8211; Mejor Escuela\u201d de la Ciudad de M\u00e9xico inicia operaciones en 2023 con una inversi\u00f3n de 350 millones de pesos, as\u00ed lo inform\u00f3 Claudia Sheinbaum Pardo, jefa de Gobierno de la CDMX. La iniciativa impulsada por la titular del Ejecutivo local tiene como objetivo enfocarse en el mantenimiento menor de los planteles educativos b\u00e1sicos de educaci\u00f3n p\u00fablica.<br><\/p>\n\n\n\n<p>\u201cEste ser\u00e1 el quinto a\u00f1o que se aplica a todos los planteles de educaci\u00f3n b\u00e1sica (\u2026); eran 250 y ahora son 350 millones de pesos para ampliar los alcances que puedan hacer las escuelas\u201d, coment\u00f3 la jefa de Gobierno en conferencia de prensa, donde aprovech\u00f3 para anunciar sobre el incremento del presupuesto de 100 millones de pesos para este a\u00f1o.<br><\/p>\n\n\n\n<p>La mandataria tambi\u00e9n record\u00f3 que el programa comenz\u00f3 en 2019 con las asambleas escolares en planteles educativos, para que los padres y madres de familia pueden elegir el destino de los recursos de este a\u00f1o, el cual va de 56 mil a 317 mil pesos, dependiendo de la matr\u00edcula y aulas de la escuela. Asimismo, es relevante mencionar que en 2022, dicha iniciativa se convirti\u00f3 en derecho constitucional.<br><\/p>\n\n\n\n<figure class=\"wp-block-image size-large\"><img fetchpriority=\"high\" decoding=\"async\" width=\"1024\" height=\"503\" src=\"https:\/\/elinformante.mx\/wp-content\/uploads\/2023\/03\/ANUNCIA-1024x503.jpg\" alt=\"\" class=\"wp-image-20934\" srcset=\"https:\/\/elinformante.mx\/wp-content\/uploads\/2023\/03\/ANUNCIA-1024x503.jpg 1024w, https:\/\/elinformante.mx\/wp-content\/uploads\/2023\/03\/ANUNCIA-300x147.jpg 300w, https:\/\/elinformante.mx\/wp-content\/uploads\/2023\/03\/ANUNCIA-768x377.jpg 768w, https:\/\/elinformante.mx\/wp-content\/uploads\/2023\/03\/ANUNCIA-580x285.jpg 580w, https:\/\/elinformante.mx\/wp-content\/uploads\/2023\/03\/ANUNCIA-860x422.jpg 860w, https:\/\/elinformante.mx\/wp-content\/uploads\/2023\/03\/ANUNCIA.jpg 1140w\" sizes=\"(max-width: 1024px) 100vw, 1024px\" \/><\/figure>\n\n\n\n<p>De acuerdo con lo informado por el gobierno de la Ciudad de M\u00e9xico, los 350 millones de pesos que destinar\u00e1n en 2023 para el programa \u201cLa Escuela es Nuestra &#8211; Mejor Escuela\u201d se dividir\u00e1n por etapas.<br><\/p>\n\n\n\n<p>\u201cEn la primera etapa vamos a atender 2 mil 70 planteles y se ejercer\u00e1n 250 millones de pesos, esa es la etapa que estamos iniciando ya el d\u00eda de ma\u00f1ana con las asambleas, terminamos en agosto; e iniciamos la segunda etapa con 100 millones de pesos para 728 inmuebles a partir de agosto a diciembre\u201d, explic\u00f3 Alejandra M\u00e1rquez Torres, directora general del Fideicomiso Bienestar Educativo (Fibien).<br><\/p>\n\n\n\n<p>La funcionaria inform\u00f3 que de 2019 hasta el 2023, el Gobierno de la Ciudad de M\u00e9xico ha invertido mil 445 millones de pesos en dicho programa, que est\u00e1 enfocado en la reparaci\u00f3n de canceler\u00eda, puertas, ventanas y herrer\u00eda de barandales; habilitaci\u00f3n y adecuaci\u00f3n de \u00e1reas destinadas a docentes y alumnos, etc\u00e9tera.<br><\/p>\n\n\n\n<p>Destac\u00f3 que en los cuatro a\u00f1os anteriores se realizaron nueve mil 437 acciones de mejora en dos mil 714 planteles, as\u00ed como 12 mil 386 asambleas electivas, con la participaci\u00f3n de la Autoridad Educativa Federal y padres de familia y el apoyo del gobierno de Claudia Sheinbaum.<\/p>\n","protected":false},"excerpt":{"rendered":"<p>Claudia Sheinbaum dio inicio al arranque de este proyecto que busca mejorar las instalaciones de las escuelas p\u00fablicas. El programa \u201cLa Escuela es Nuestra &#8211; Mejor Escuela\u201d de la Ciudad de M\u00e9xico inicia operaciones en 2023 con una inversi\u00f3n de 350 millones de pesos, as\u00ed lo inform\u00f3 Claudia Sheinbaum Pardo, jefa de Gobierno de la [&hellip;]<\/p>\n","protected":false},"author":1,"featured_media":20933,"comment_status":"closed","ping_status":"closed","sticky":false,"template":"","format":"standard","meta":{"footnotes":""},"categories":[35,30],"tags":[],"class_list":["post-20932","post","type-post","status-publish","format-standard","has-post-thumbnail","hentry","category-cdmx","category-destacado"],"_links":{"self":[{"href":"https:\/\/elinformante.mx\/index.php?rest_route=\/wp\/v2\/posts\/20932","targetHints":{"allow":["GET"]}}],"collection":[{"href":"https:\/\/elinformante.mx\/index.php?rest_route=\/wp\/v2\/posts"}],"about":[{"href":"https:\/\/elinformante.mx\/index.php?rest_route=\/wp\/v2\/types\/post"}],"author":[{"embeddable":true,"href":"https:\/\/elinformante.mx\/index.php?rest_route=\/wp\/v2\/users\/1"}],"replies":[{"embeddable":true,"href":"https:\/\/elinformante.mx\/index.php?rest_route=%2Fwp%2Fv2%2Fcomments&post=20932"}],"version-history":[{"count":0,"href":"https:\/\/elinformante.mx\/index.php?rest_route=\/wp\/v2\/posts\/20932\/revisions"}],"wp:featuredmedia":[{"embeddable":true,"href":"https:\/\/elinformante.mx\/index.php?rest_route=\/wp\/v2\/media\/20933"}],"wp:attachment":[{"href":"https:\/\/elinformante.mx\/index.php?rest_route=%2Fwp%2Fv2%2Fmedia&parent=20932"}],"wp:term":[{"taxonomy":"category","embeddable":true,"href":"https:\/\/elinformante.mx\/index.php?rest_route=%2Fwp%2Fv2%2Fcategories&post=20932"},{"taxonomy":"post_tag","embeddable":true,"href":"https:\/\/elinformante.mx\/index.php?rest_route=%2Fwp%2Fv2%2Ftags&post=20932"}],"curies":[{"name":"wp","href":"https:\/\/api.w.org\/{rel}","templated":true}]}}