{"id":20939,"date":"2023-03-01T14:59:35","date_gmt":"2023-03-01T14:59:35","guid":{"rendered":"https:\/\/elinformante.mx\/?p=20939"},"modified":"2023-03-01T14:59:36","modified_gmt":"2023-03-01T14:59:36","slug":"aumenta-a-partir-de-este-miercoles-costo-de-casetas-para-acapulco","status":"publish","type":"post","link":"https:\/\/elinformante.mx\/?p=20939","title":{"rendered":"Aumenta a partir de este mi\u00e9rcoles costo de casetas para Acapulco"},"content":{"rendered":"\n<blockquote class=\"wp-block-quote is-layout-flow wp-block-quote-is-layout-flow\">\n<p>La Secretar\u00eda de Infraestructura, Comunicaciones y Transportes aplicar\u00e1 un incremento del 7.82% a las autopistas del pa\u00eds a partir del 1 de marzo.<\/p>\n<\/blockquote>\n\n\n\n<p>A partir del primero de marzo del a\u00f1o en curso, la Secretar\u00eda de Infraestructura, Comunicaciones y Transportes aplicar\u00e1n un incremento del 7.82 por ciento a las autopistas del pa\u00eds. La medida, se toma a pesar de la inconformidad de diversos sectores, principalmente el tur\u00edstico que demand\u00f3 un descuento en el peaje por las malas condiciones de la v\u00eda.<br><\/p>\n\n\n\n<p>Para los que visitan desde la Ciudad de M\u00e9xico al puerto de Acapulco, el costo por viaje redondo en la Autopista del Sol, la m\u00e1s cara del pa\u00eds, ser\u00e1 de mil 392 pesos, 98 pesos m\u00e1s a la tarifa de peaje, que costaba mil 294 antes del incremento.<br><\/p>\n\n\n\n<p>La Caseta de Tlalpan, incrementa de 122 a 131 pesos, Caseta de Alpuyeca de 77 a 83 pesos, Paso Morelos de 164 a 176 pesos, Palo Blanco de 151 a 163 y La Venta, de 133 a 143 pesos.<br>El aumento del peaje se da cada a\u00f1o, sin embargo, las condiciones se\u00f1alan turistas y usuarios que son deplorables ya que constantemente est\u00e1 en reparaci\u00f3n algunos tramos de la v\u00eda y son accidentados para transitar.<br><\/p>\n\n\n\n<p>En la entidad, hubo un rechazo a la medida y se intent\u00f3 hacer un exhorto al gobierno federal para que no se aplique el aumento, mismo que fue rechazado por los legisladores de Morena en el Congreso local.<br><\/p>\n\n\n\n<p>Aunando al mal servicio de los sanitarios que est\u00e1n en la caseta de Palo Blanco y ni qu\u00e9 decir de la garita de Paso Morelos, que se encuentran cerrados desde la pandemia del Covid-19, por lo que deben pagar un costo extra ya que comerciantes informales han colocado unas letrinas.<br><\/p>\n\n\n\n<p>Los problemas en esta v\u00eda de comunicaci\u00f3n impulsada en el periodo de gobierno del extinto gobernador Jos\u00e9 Francisco Ru\u00edz Massieu, no solo son por los aumentos en el peaje, sino tambi\u00e9n la inseguridad, donde se registran robos frecuentes a los automovilistas.<br><\/p>\n\n\n\n<p>En abril del 2018, la autopista del Sol fue considerada como la m\u00e1s insegura y peligrosa del pa\u00eds debido a las acciones de grupos delincuenciales vinculados al crimen organizado.<br><\/p>\n\n\n\n<p>En \u00e9sta v\u00eda de comunicaci\u00f3n que es de cuota, grupos armados interceptaban a los usuarios en su tramo de Mezcala a Eduardo Neri, donde con armas largas y cortas comet\u00edan asaltos y robo de veh\u00edculos. En 2023, los problemas persisten en esta zona.<br><\/p>\n\n\n\n<p>La ausencia de elementos de la polic\u00eda que antes era de caminos, propici\u00f3 el incremento de las acciones delictivas y en algunos casos, han muerto personas atacadas a balazos por negarse a detener ante los criminales.<br><\/p>\n\n\n\n<p>As\u00ed tambi\u00e9n, en la Autopista Siglo XXI, la disputada entre grupos antag\u00f3nicos del crimen organizado, en el tramo de la Uni\u00f3n a L\u00e1zaro C\u00e1rdenas, Michoac\u00e1n, se registran cotidianamente secuestros de tractocamiones y robo de veh\u00edculos.<br><\/p>\n\n\n\n<p>Datos de la Asociaci\u00f3n Nacional de Transporte Privado que se difundieron el a\u00f1o pasado, con base a un estudio que se realiz\u00f3 de forma coordinada con la Fiscal\u00eda General de la Rep\u00fablica, confirmaron el incremento de asaltos en carreteras de M\u00e9xico.<br><\/p>\n\n\n\n<p>Con base a estos datos, se conoci\u00f3 que la Autopista Siglo XXI que recorre de Guerrero a Michoac\u00e1n, es una de las cinco carreteras donde se cometen m\u00e1s asaltos el a\u00f1o pasado.<\/p>\n","protected":false},"excerpt":{"rendered":"<p>La Secretar\u00eda de Infraestructura, Comunicaciones y Transportes aplicar\u00e1 un incremento del 7.82% a las autopistas del pa\u00eds a partir del 1 de marzo. A partir del primero de marzo del a\u00f1o en curso, la Secretar\u00eda de Infraestructura, Comunicaciones y Transportes aplicar\u00e1n un incremento del 7.82 por ciento a las autopistas del pa\u00eds. La medida, se [&hellip;]<\/p>\n","protected":false},"author":1,"featured_media":20940,"comment_status":"closed","ping_status":"closed","sticky":false,"template":"","format":"standard","meta":{"footnotes":""},"categories":[30,34],"tags":[],"class_list":["post-20939","post","type-post","status-publish","format-standard","has-post-thumbnail","hentry","category-destacado","category-nacional"],"_links":{"self":[{"href":"https:\/\/elinformante.mx\/index.php?rest_route=\/wp\/v2\/posts\/20939","targetHints":{"allow":["GET"]}}],"collection":[{"href":"https:\/\/elinformante.mx\/index.php?rest_route=\/wp\/v2\/posts"}],"about":[{"href":"https:\/\/elinformante.mx\/index.php?rest_route=\/wp\/v2\/types\/post"}],"author":[{"embeddable":true,"href":"https:\/\/elinformante.mx\/index.php?rest_route=\/wp\/v2\/users\/1"}],"replies":[{"embeddable":true,"href":"https:\/\/elinformante.mx\/index.php?rest_route=%2Fwp%2Fv2%2Fcomments&post=20939"}],"version-history":[{"count":0,"href":"https:\/\/elinformante.mx\/index.php?rest_route=\/wp\/v2\/posts\/20939\/revisions"}],"wp:featuredmedia":[{"embeddable":true,"href":"https:\/\/elinformante.mx\/index.php?rest_route=\/wp\/v2\/media\/20940"}],"wp:attachment":[{"href":"https:\/\/elinformante.mx\/index.php?rest_route=%2Fwp%2Fv2%2Fmedia&parent=20939"}],"wp:term":[{"taxonomy":"category","embeddable":true,"href":"https:\/\/elinformante.mx\/index.php?rest_route=%2Fwp%2Fv2%2Fcategories&post=20939"},{"taxonomy":"post_tag","embeddable":true,"href":"https:\/\/elinformante.mx\/index.php?rest_route=%2Fwp%2Fv2%2Ftags&post=20939"}],"curies":[{"name":"wp","href":"https:\/\/api.w.org\/{rel}","templated":true}]}}