{"id":20945,"date":"2023-03-01T15:11:39","date_gmt":"2023-03-01T15:11:39","guid":{"rendered":"https:\/\/elinformante.mx\/?p=20945"},"modified":"2023-03-01T15:11:40","modified_gmt":"2023-03-01T15:11:40","slug":"checo-perez-lanzo-dardo-a-verstappen-y-red-bull-si-no-me-apoyan-yo-tampoco-lo-hare","status":"publish","type":"post","link":"https:\/\/elinformante.mx\/?p=20945","title":{"rendered":"Checo P\u00e9rez lanz\u00f3 dardo a Verstappen y Red Bull: \u201cSi no me apoyan, yo tampoco lo har\u00e9\u201d"},"content":{"rendered":"\n<blockquote class=\"wp-block-quote is-layout-flow wp-block-quote-is-layout-flow\">\n<p>Pese al puntiagudo comentario, el tapat\u00edo remarc\u00f3 que es necesario dejar atr\u00e1s la temporada pasada.<\/p>\n<\/blockquote>\n\n\n\n<p>Checo P\u00e9rez quiere que la siguiente temporada de la F\u00f3rmula 1 sea de \u201cdar y recibir\u201d en Red Bull. El mexicano declar\u00f3 que no estar\u00e1 dispuesto a apoyar a su compa\u00f1ero Max Verstappen si \u00e9l no lo hace tambi\u00e9n.<br><\/p>\n\n\n\n<p>\u201cSiempre es importante trabajar en equipo y obviamente si veo que no recibo el apoyo cuando lo necesito yo tampoco lo har\u00e9\u201d, dijo en entrevista para Fox Sports.<br><\/p>\n\n\n\n<p>Sobre los choques que ha tenido con Max Verstappen, el tapat\u00edo resalt\u00f3: \u201cLo hemos hablado y tenemos una relaci\u00f3n muy transparente desde el inicio. Al final, lo importante es dejar todo atr\u00e1s porque tenemos que trabajar como un equipo\u201d.<br><\/p>\n\n\n\n<figure class=\"wp-block-image size-large\"><img fetchpriority=\"high\" decoding=\"async\" width=\"1024\" height=\"503\" src=\"https:\/\/elinformante.mx\/wp-content\/uploads\/2023\/03\/CHECO-1024x503.jpg\" alt=\"\" class=\"wp-image-20947\" srcset=\"https:\/\/elinformante.mx\/wp-content\/uploads\/2023\/03\/CHECO-1024x503.jpg 1024w, https:\/\/elinformante.mx\/wp-content\/uploads\/2023\/03\/CHECO-300x147.jpg 300w, https:\/\/elinformante.mx\/wp-content\/uploads\/2023\/03\/CHECO-768x377.jpg 768w, https:\/\/elinformante.mx\/wp-content\/uploads\/2023\/03\/CHECO-580x285.jpg 580w, https:\/\/elinformante.mx\/wp-content\/uploads\/2023\/03\/CHECO-860x422.jpg 860w, https:\/\/elinformante.mx\/wp-content\/uploads\/2023\/03\/CHECO.jpg 1140w\" sizes=\"(max-width: 1024px) 100vw, 1024px\" \/><\/figure>\n\n\n\n<p>Sergio P\u00e9rez fue clave para el campeonato de Max Verstappen en la temporada pasada, pero el neerland\u00e9s no le supo responder el favor.<br><\/p>\n\n\n\n<p>El mexicano retuvo varias veces a rivales para que Mad Max concluyera en primer lugar. Una vez amarrado el t\u00edtulo, Checo le pidi\u00f3 ayuda a su compa\u00f1ero para ser subcampe\u00f3n del mundo.<br><\/p>\n\n\n\n<p>La escuder\u00eda apoy\u00f3 la decisi\u00f3n y trataron, dentro de lo que cabe, que P\u00e9rez lograra los puntos necesarios, pero las \u00f3rdenes fueron rechazadas por Verstappen y fue Charles Leclerc el que le \u2018rob\u00f3\u2019 el segundo puesto global al apodado Ministro de Defensa.<\/p>\n","protected":false},"excerpt":{"rendered":"<p>Pese al puntiagudo comentario, el tapat\u00edo remarc\u00f3 que es necesario dejar atr\u00e1s la temporada pasada. Checo P\u00e9rez quiere que la siguiente temporada de la F\u00f3rmula 1 sea de \u201cdar y recibir\u201d en Red Bull. El mexicano declar\u00f3 que no estar\u00e1 dispuesto a apoyar a su compa\u00f1ero Max Verstappen si \u00e9l no lo hace tambi\u00e9n. \u201cSiempre [&hellip;]<\/p>\n","protected":false},"author":1,"featured_media":20946,"comment_status":"closed","ping_status":"closed","sticky":false,"template":"","format":"standard","meta":{"footnotes":""},"categories":[38],"tags":[],"class_list":["post-20945","post","type-post","status-publish","format-standard","has-post-thumbnail","hentry","category-deportes"],"_links":{"self":[{"href":"https:\/\/elinformante.mx\/index.php?rest_route=\/wp\/v2\/posts\/20945","targetHints":{"allow":["GET"]}}],"collection":[{"href":"https:\/\/elinformante.mx\/index.php?rest_route=\/wp\/v2\/posts"}],"about":[{"href":"https:\/\/elinformante.mx\/index.php?rest_route=\/wp\/v2\/types\/post"}],"author":[{"embeddable":true,"href":"https:\/\/elinformante.mx\/index.php?rest_route=\/wp\/v2\/users\/1"}],"replies":[{"embeddable":true,"href":"https:\/\/elinformante.mx\/index.php?rest_route=%2Fwp%2Fv2%2Fcomments&post=20945"}],"version-history":[{"count":0,"href":"https:\/\/elinformante.mx\/index.php?rest_route=\/wp\/v2\/posts\/20945\/revisions"}],"wp:featuredmedia":[{"embeddable":true,"href":"https:\/\/elinformante.mx\/index.php?rest_route=\/wp\/v2\/media\/20946"}],"wp:attachment":[{"href":"https:\/\/elinformante.mx\/index.php?rest_route=%2Fwp%2Fv2%2Fmedia&parent=20945"}],"wp:term":[{"taxonomy":"category","embeddable":true,"href":"https:\/\/elinformante.mx\/index.php?rest_route=%2Fwp%2Fv2%2Fcategories&post=20945"},{"taxonomy":"post_tag","embeddable":true,"href":"https:\/\/elinformante.mx\/index.php?rest_route=%2Fwp%2Fv2%2Ftags&post=20945"}],"curies":[{"name":"wp","href":"https:\/\/api.w.org\/{rel}","templated":true}]}}