{"id":20952,"date":"2023-03-01T15:13:53","date_gmt":"2023-03-01T15:13:53","guid":{"rendered":"https:\/\/elinformante.mx\/?p=20952"},"modified":"2023-03-01T15:13:54","modified_gmt":"2023-03-01T15:13:54","slug":"denuncia-ciudadana-permite-detener-a-dos-hombres-probables-implicados-en-el-delito-de-secuestro","status":"publish","type":"post","link":"https:\/\/elinformante.mx\/?p=20952","title":{"rendered":"Denuncia ciudadana permite detener a dos hombres probables implicados en el delito de secuestro"},"content":{"rendered":"\n<blockquote class=\"wp-block-quote is-layout-flow wp-block-quote-is-layout-flow\">\n<p>Es posible que los detenidos pertenezcan a un grupo criminal, adem\u00e1s de estar relacionados con diferentes il\u00edcitos en los municipios de Toluca, Metepec, Zinacantepec, Almoloya de Ju\u00e1rez, Temoaya, Otzolotepec y Xonacatl\u00e1n.<\/p>\n<\/blockquote>\n\n\n\n<p>En atenci\u00f3n a una denuncia ciudadana en campo, elementos de la Secretar\u00eda de Seguridad (SS) detuvieron a dos hombres probables implicados en el delito de secuestro y quienes al parecer podr\u00edan pertenecer a un grupo criminal.<br><\/p>\n\n\n\n<p>Los hechos sucedieron cuando polic\u00edas adscritos al Agrupamiento de Servicios Especiales de Seguridad (ASES) realizaban recorridos de vigilancia como parte del Operativo Blindaje sobre la calle Centenario, esquina con vialidad Emiliano Zapata, en la colonia San Miguel Totoltepec, en el municipio de Toluca, donde observaron que un hombre con se\u00f1as, ped\u00eda ayuda.<br><\/p>\n\n\n\n<p>Al establecer contacto con \u00e9l, este refiri\u00f3 que acababa de escapar de un inmueble, donde lo manten\u00edan secuestrado; explic\u00f3 que un grupo de sujetos armados, lo amenaz\u00f3 cuando sal\u00eda de su domicilio, subi\u00e9ndolo a un autom\u00f3vil de la marca Nissan tipo Pointer, para luego ingresarlo a un domicilio particular donde lo golpearon y exig\u00edan la cantidad de 10 mil pesos en efectivo a fin de no hacerle da\u00f1o a \u00e9l y su familia.<br><\/p>\n\n\n\n<p>Conforme al protocolo de actuaci\u00f3n, los uniformados estatales hicieron presencia en el sitio se\u00f1alado por la v\u00edctima; enseguida, los polic\u00edas estatales, encontraron a dos individuos que fueron se\u00f1alados por la parte afectada como sus agresores.<br><\/p>\n\n\n\n<p>De inmediato detuvieron a Esteban \u201cN\u201d y Rub\u00e9n \u201cN\u201d de 27 y 42 a\u00f1os de edad, respectivamente; luego de efectuar una revisi\u00f3n protocolaria, localizaron una r\u00e9plica de arma de fuego, un tubo de ca\u00f1\u00f3n de escopeta, dos bolsas con una sustancia con caracter\u00edsticas propias al cristal, dos con una sustancia similar a la droga conocida como \u00e9xtasis l\u00edquido, un rollo de cinta adhesiva, dos tel\u00e9fonos celulares y una charola al parecer oficial del Poder Judicial de la Federaci\u00f3n.<br><\/p>\n\n\n\n<p>Cabe mencionar que al momento de ser detenidos los sospechosos refirieron pertenecer a una c\u00e9lula delictiva con or\u00edgenes en el estado de Michoac\u00e1n, relacionada con diferentes il\u00edcitos como extorsiones, secuestros y robo al transporte p\u00fablico de pasajeros, en los municipios de Toluca, Metepec, Zinacantepec, Almoloya de Ju\u00e1rez, Temoaya, Otzolotepec y Xonacatl\u00e1n, motivo por el cual se ampliar\u00e1n las indagatorias.<\/p>\n","protected":false},"excerpt":{"rendered":"<p>Es posible que los detenidos pertenezcan a un grupo criminal, adem\u00e1s de estar relacionados con diferentes il\u00edcitos en los municipios de Toluca, Metepec, Zinacantepec, Almoloya de Ju\u00e1rez, Temoaya, Otzolotepec y Xonacatl\u00e1n. En atenci\u00f3n a una denuncia ciudadana en campo, elementos de la Secretar\u00eda de Seguridad (SS) detuvieron a dos hombres probables implicados en el delito [&hellip;]<\/p>\n","protected":false},"author":1,"featured_media":20953,"comment_status":"closed","ping_status":"closed","sticky":false,"template":"","format":"standard","meta":{"footnotes":""},"categories":[37],"tags":[],"class_list":["post-20952","post","type-post","status-publish","format-standard","has-post-thumbnail","hentry","category-justicia"],"_links":{"self":[{"href":"https:\/\/elinformante.mx\/index.php?rest_route=\/wp\/v2\/posts\/20952","targetHints":{"allow":["GET"]}}],"collection":[{"href":"https:\/\/elinformante.mx\/index.php?rest_route=\/wp\/v2\/posts"}],"about":[{"href":"https:\/\/elinformante.mx\/index.php?rest_route=\/wp\/v2\/types\/post"}],"author":[{"embeddable":true,"href":"https:\/\/elinformante.mx\/index.php?rest_route=\/wp\/v2\/users\/1"}],"replies":[{"embeddable":true,"href":"https:\/\/elinformante.mx\/index.php?rest_route=%2Fwp%2Fv2%2Fcomments&post=20952"}],"version-history":[{"count":0,"href":"https:\/\/elinformante.mx\/index.php?rest_route=\/wp\/v2\/posts\/20952\/revisions"}],"wp:featuredmedia":[{"embeddable":true,"href":"https:\/\/elinformante.mx\/index.php?rest_route=\/wp\/v2\/media\/20953"}],"wp:attachment":[{"href":"https:\/\/elinformante.mx\/index.php?rest_route=%2Fwp%2Fv2%2Fmedia&parent=20952"}],"wp:term":[{"taxonomy":"category","embeddable":true,"href":"https:\/\/elinformante.mx\/index.php?rest_route=%2Fwp%2Fv2%2Fcategories&post=20952"},{"taxonomy":"post_tag","embeddable":true,"href":"https:\/\/elinformante.mx\/index.php?rest_route=%2Fwp%2Fv2%2Ftags&post=20952"}],"curies":[{"name":"wp","href":"https:\/\/api.w.org\/{rel}","templated":true}]}}