{"id":20958,"date":"2023-03-01T15:20:53","date_gmt":"2023-03-01T15:20:53","guid":{"rendered":"https:\/\/elinformante.mx\/?p=20958"},"modified":"2023-03-01T15:21:16","modified_gmt":"2023-03-01T15:21:16","slug":"presupuesto-de-metepec-dara-prioridad-a-obras-publica-y-programas-sociales","status":"publish","type":"post","link":"https:\/\/elinformante.mx\/?p=20958","title":{"rendered":"Presupuesto de Metepec dar\u00e1 prioridad a obras p\u00fablicas y programas sociales"},"content":{"rendered":"\n<blockquote class=\"wp-block-quote is-layout-flow wp-block-quote-is-layout-flow\">\n<p>Se prev\u00e9 la realizaci\u00f3n de 37 acciones en el rubro de obra p\u00fablica y una de las primeras acciones ser\u00e1 la rehabilitaci\u00f3n de la calle Manuel J. Clouthier, adem\u00e1s de acciones de bacheo.<\/p>\n<\/blockquote>\n\n\n\n<p>El Cabildo de Metepec aprob\u00f3 la semana pasada su Presupuesto de Ingresos y Egresos para el ejercicio fiscal 2023 por un monto de mil 666 millones 759 mil 800 pesos.<br><\/p>\n\n\n\n<p>La administraci\u00f3n municipal inform\u00f3 que se prev\u00e9 la realizaci\u00f3n de 37 acciones en el rubro de obra p\u00fablica y una de las primeras acciones ser\u00e1 la rehabilitaci\u00f3n de la calle Manuel J. Clouthier, adem\u00e1s de acciones de bacheo.<br><\/p>\n\n\n\n<p>Asimismo, el fortalecimiento de programas sociales como \u201cM\u00e9dico en tu Casa\u201d dotaci\u00f3n de paquetes alimentarios y de becas dirigidas a las y los estudiantes.<br><\/p>\n\n\n\n<p>Sobre el apoyo de becas a estudiantes se puntualiz\u00f3 que actualmente se destinan alrededor de 10 millones de pesos y este a\u00f1o aumentar\u00e1 hasta en 100 por ciento de ese presupuesto.<br><\/p>\n\n\n\n<p>En el caso de \u201cM\u00e9dico en tu Casa\u201d se inform\u00f3 que la meta es llegar a unos 30 mil este a\u00f1o, pues actualmente se tienen alrededor de 12 mil personas inscritas, adem\u00e1s de contrataci\u00f3n de personal m\u00e9dico adicional.<br><\/p>\n\n\n\n<p>Se detall\u00f3 que tambi\u00e9n se prev\u00e9 la incorporaci\u00f3n de m\u00e1s personas al programa \u00abCr\u00e9ditos a la Palabra\u00bb pues al momento el registro es de 6 mil 700 usuarios y se pretende duplicarlos para fines de 2023.<br><\/p>\n\n\n\n<p>La administraci\u00f3n de Metepec asegur\u00f3 que este a\u00f1o disminuye el presupuesto destinado al pago de n\u00f3mina pues decreci\u00f3 el n\u00famero de empleados municipales.<br><\/p>\n\n\n\n<p>Asimismo se puntualiz\u00f3 que para \u00e1reas como Cultura y Deporte su presupuesto disminuy\u00f3 en 10 por ciento con respecto al a\u00f1o pasado.<br><\/p>\n\n\n\n<p>En cambio, destac\u00f3, incrementan los apoyos para atenci\u00f3n a personas con discapacidad en los rubros de compra de aparatos ortop\u00e9dico. Tambi\u00e9n se mantienen los recursos para mantenimiento de clubes de la tercera edad.<\/p>\n","protected":false},"excerpt":{"rendered":"<p>Se prev\u00e9 la realizaci\u00f3n de 37 acciones en el rubro de obra p\u00fablica y una de las primeras acciones ser\u00e1 la rehabilitaci\u00f3n de la calle Manuel J. Clouthier, adem\u00e1s de acciones de bacheo. El Cabildo de Metepec aprob\u00f3 la semana pasada su Presupuesto de Ingresos y Egresos para el ejercicio fiscal 2023 por un monto [&hellip;]<\/p>\n","protected":false},"author":1,"featured_media":20959,"comment_status":"closed","ping_status":"closed","sticky":false,"template":"","format":"standard","meta":{"footnotes":""},"categories":[36],"tags":[],"class_list":["post-20958","post","type-post","status-publish","format-standard","has-post-thumbnail","hentry","category-edomex"],"_links":{"self":[{"href":"https:\/\/elinformante.mx\/index.php?rest_route=\/wp\/v2\/posts\/20958","targetHints":{"allow":["GET"]}}],"collection":[{"href":"https:\/\/elinformante.mx\/index.php?rest_route=\/wp\/v2\/posts"}],"about":[{"href":"https:\/\/elinformante.mx\/index.php?rest_route=\/wp\/v2\/types\/post"}],"author":[{"embeddable":true,"href":"https:\/\/elinformante.mx\/index.php?rest_route=\/wp\/v2\/users\/1"}],"replies":[{"embeddable":true,"href":"https:\/\/elinformante.mx\/index.php?rest_route=%2Fwp%2Fv2%2Fcomments&post=20958"}],"version-history":[{"count":0,"href":"https:\/\/elinformante.mx\/index.php?rest_route=\/wp\/v2\/posts\/20958\/revisions"}],"wp:featuredmedia":[{"embeddable":true,"href":"https:\/\/elinformante.mx\/index.php?rest_route=\/wp\/v2\/media\/20959"}],"wp:attachment":[{"href":"https:\/\/elinformante.mx\/index.php?rest_route=%2Fwp%2Fv2%2Fmedia&parent=20958"}],"wp:term":[{"taxonomy":"category","embeddable":true,"href":"https:\/\/elinformante.mx\/index.php?rest_route=%2Fwp%2Fv2%2Fcategories&post=20958"},{"taxonomy":"post_tag","embeddable":true,"href":"https:\/\/elinformante.mx\/index.php?rest_route=%2Fwp%2Fv2%2Ftags&post=20958"}],"curies":[{"name":"wp","href":"https:\/\/api.w.org\/{rel}","templated":true}]}}