{"id":20962,"date":"2023-03-01T15:22:30","date_gmt":"2023-03-01T15:22:30","guid":{"rendered":"https:\/\/elinformante.mx\/?p=20962"},"modified":"2023-03-01T15:22:31","modified_gmt":"2023-03-01T15:22:31","slug":"diputados-aprueban-crear-la-sala-de-asuntos-indigenas-del-poder-judicial-mexiquense","status":"publish","type":"post","link":"https:\/\/elinformante.mx\/?p=20962","title":{"rendered":"Diputados aprueban crear la sala de asuntos ind\u00edgenas del Poder Judicial Mexiquense"},"content":{"rendered":"\n<blockquote class=\"wp-block-quote is-layout-flow wp-block-quote-is-layout-flow\">\n<p>El pleno de la C\u00e1mara de Diputados vota a favor de crear la Sala de Asuntos Ind\u00edgenas del Poder Judicial del Estado de M\u00e9xico.<\/p>\n<\/blockquote>\n\n\n\n<p>El pleno de la C\u00e1mara de Diputados aprob\u00f3 por unanimidad la creaci\u00f3n de la Sala de Asuntos Ind\u00edgenas, del Poder Judicial del Estado de M\u00e9xico, el cual, para crear la iniciativa aprobada, realiz\u00f3 una consulta a los pueblos originarios que se dio con di\u00e1logo y votaci\u00f3n a mano alzada, de acuerdo con la lectura del dictamen puesto a votaci\u00f3n por parte del diputado Gerardo Ulloa, presidente de la Comisi\u00f3n de Procuraci\u00f3n y Administraci\u00f3n de Justicia.<br><\/p>\n\n\n\n<p>\u201cUna consulta p\u00fablica a los Pueblos Originarios, misma que realiz\u00f3 el Poder Judicial del estado de M\u00e9xico con car\u00e1cter de libre, previa, informada y de buena fe en tres fases: preconsultivo, de di\u00e1logo, y de decisi\u00f3n. Es importante se\u00f1alar que en cada sede se tom\u00f3 la decisi\u00f3n un\u00e1nime por voto al mano alzada a favor de la iniciativa de reforma a la Ley Org\u00e1nica del Poder Judicial del Estado de M\u00e9xico, para incorporar la Sala de Asuntos Ind\u00edgenas como lo inform\u00f3 el autor de la propuesta legislativa\u201d, Ricardo Sodi Cuellar.<br><\/p>\n\n\n\n<p>Resalta que no tendr\u00e1 impacto presupuestal, y que se conformar\u00e1 por cinco personas magistradas, especializadas en materia intercultural, quienes se reunir\u00e1n cuando sea necesario.<br><\/p>\n\n\n\n<p>Con ello, se busca robustecer el cuerpo de peritos e int\u00e9rpretes y traductores en lenguas ind\u00edgenas que intervengan en los juicios.<br><\/p>\n\n\n\n<p>Implementar\u00e1 un protocolo para juzgar con perspectiva intercultural, dar\u00e1 a conocer los recursos ordinarios en contra de resoluciones judiciales, en donde alguna de las partes se asuma como integrante de alg\u00fan pueblo originario.<br><\/p>\n\n\n\n<p>Emitir\u00e1 opiniones consultivas en asuntos relacionados con los pueblos y comunidades ind\u00edgenas al aplicar sus sistemas normativos; y propone protocolos de actuaci\u00f3n para juzgamiento con perspectiva de interculturalismo jur\u00eddico.<br><\/p>\n\n\n\n<p>Finalmente, la sala conocer\u00e1 y resolver\u00e1 asuntos relacionados con la protecci\u00f3n de los derechos de los pueblos ind\u00edgenas que se susciten por incumplimiento de las recomendaciones emitidas por la Comisi\u00f3n de Derechos Humanos del Estado de M\u00e9xico.<\/p>\n","protected":false},"excerpt":{"rendered":"<p>El pleno de la C\u00e1mara de Diputados vota a favor de crear la Sala de Asuntos Ind\u00edgenas del Poder Judicial del Estado de M\u00e9xico. El pleno de la C\u00e1mara de Diputados aprob\u00f3 por unanimidad la creaci\u00f3n de la Sala de Asuntos Ind\u00edgenas, del Poder Judicial del Estado de M\u00e9xico, el cual, para crear la iniciativa [&hellip;]<\/p>\n","protected":false},"author":1,"featured_media":20963,"comment_status":"closed","ping_status":"closed","sticky":false,"template":"","format":"standard","meta":{"footnotes":""},"categories":[36],"tags":[],"class_list":["post-20962","post","type-post","status-publish","format-standard","has-post-thumbnail","hentry","category-edomex"],"_links":{"self":[{"href":"https:\/\/elinformante.mx\/index.php?rest_route=\/wp\/v2\/posts\/20962","targetHints":{"allow":["GET"]}}],"collection":[{"href":"https:\/\/elinformante.mx\/index.php?rest_route=\/wp\/v2\/posts"}],"about":[{"href":"https:\/\/elinformante.mx\/index.php?rest_route=\/wp\/v2\/types\/post"}],"author":[{"embeddable":true,"href":"https:\/\/elinformante.mx\/index.php?rest_route=\/wp\/v2\/users\/1"}],"replies":[{"embeddable":true,"href":"https:\/\/elinformante.mx\/index.php?rest_route=%2Fwp%2Fv2%2Fcomments&post=20962"}],"version-history":[{"count":0,"href":"https:\/\/elinformante.mx\/index.php?rest_route=\/wp\/v2\/posts\/20962\/revisions"}],"wp:featuredmedia":[{"embeddable":true,"href":"https:\/\/elinformante.mx\/index.php?rest_route=\/wp\/v2\/media\/20963"}],"wp:attachment":[{"href":"https:\/\/elinformante.mx\/index.php?rest_route=%2Fwp%2Fv2%2Fmedia&parent=20962"}],"wp:term":[{"taxonomy":"category","embeddable":true,"href":"https:\/\/elinformante.mx\/index.php?rest_route=%2Fwp%2Fv2%2Fcategories&post=20962"},{"taxonomy":"post_tag","embeddable":true,"href":"https:\/\/elinformante.mx\/index.php?rest_route=%2Fwp%2Fv2%2Ftags&post=20962"}],"curies":[{"name":"wp","href":"https:\/\/api.w.org\/{rel}","templated":true}]}}