{"id":20965,"date":"2023-03-01T15:37:45","date_gmt":"2023-03-01T15:37:45","guid":{"rendered":"https:\/\/elinformante.mx\/?p=20965"},"modified":"2023-03-01T15:37:46","modified_gmt":"2023-03-01T15:37:46","slug":"sedema-lanza-convocatoria-del-programa-bienestar-para-el-bosque-2023","status":"publish","type":"post","link":"https:\/\/elinformante.mx\/?p=20965","title":{"rendered":"SEDEMA lanza convocatoria del programa \u201cBienestar para el Bosque 2023\u201d"},"content":{"rendered":"\n<blockquote class=\"wp-block-quote is-layout-flow wp-block-quote-is-layout-flow\">\n<p>Los beneficiados a este programa contar\u00e1n con actividades de conservaci\u00f3n, protecci\u00f3n, preservaci\u00f3n, vigilancia y monitoreo de los recursos naturales.<\/p>\n<\/blockquote>\n\n\n\n<p>La Secretar\u00eda del Medio Ambiente (Sedema) capitalina, lanz\u00f3 la convocatoria del programa Alt\u00e9petl Bienestar 2023 para el componente \u201cBienestar para el Bosque\u201d, iniciativa impulsada por Claudia Sheinbaum Pardo, jefa de Gobierno de la Ciudad de M\u00e9xico, encaminado a la protecci\u00f3n y conservaci\u00f3n del Suelo de Conservaci\u00f3n en la ciudad.<br><\/p>\n\n\n\n<p>Dicha convocatoria publicada en la Gaceta Oficial de la capital, est\u00e1 dirigida a mujeres y hombres mayores de edad que realicen actividades de protecci\u00f3n, preservaci\u00f3n, conservaci\u00f3n, restauraci\u00f3n, vigilancia, monitoreo de los recursos naturales e implementen proyectos de Desarrollo Comunitario.<br><\/p>\n\n\n\n<p>Asimismo, est\u00e1 pensada para aquellos que est\u00e1n trabajando en la conservaci\u00f3n del patrimonio biocultural urbano, en ejidos, comunidades y peque\u00f1a propiedad (propiedad privada) dentro del Suelo de Conservaci\u00f3n en la Ciudad de M\u00e9xico, ya que el proyecto de Altep\u00e9tl contempla como beneficiarios a miembros de n\u00facleos agrarios, productores agr\u00edcolas y pecuarios de la capital.<br><\/p>\n\n\n\n<p>Las y los interesados en el programa Alt\u00e9petl Bienestar 2023 podr\u00e1n acudir del 1 al 10 de marzo a una de las ventanillas de atenci\u00f3n ubicadas en los Centros de Innovaci\u00f3n e Integraci\u00f3n Comunitaria (CIIC), en un horario de 09:00 a 15:00 horas.<br><\/p>\n\n\n\n<p>Es importante mencionar que la ayuda est\u00e1 enfocada en actividades de conservaci\u00f3n, protecci\u00f3n, preservaci\u00f3n, vigilancia y monitoreo de los recursos naturales, as\u00ed como de implementaci\u00f3n de proyectos de Desarrollo Comunitario.<br><\/p>\n\n\n\n<p>Para conocer la ubicaci\u00f3n del CIIC que te corresponde dependiendo tu alcald\u00eda, puedes consultar la p\u00e1gina de la Sedema. Cabe se\u00f1alar que este proyecto es impulsado por la actual administraci\u00f3n de Sheinbaum Pardo, quien ha afirmado que ha realizado una inversi\u00f3n hist\u00f3rica en beneficio del Suelo de Conservaci\u00f3n durante su periodo.<\/p>\n","protected":false},"excerpt":{"rendered":"<p>Los beneficiados a este programa contar\u00e1n con actividades de conservaci\u00f3n, protecci\u00f3n, preservaci\u00f3n, vigilancia y monitoreo de los recursos naturales. La Secretar\u00eda del Medio Ambiente (Sedema) capitalina, lanz\u00f3 la convocatoria del programa Alt\u00e9petl Bienestar 2023 para el componente \u201cBienestar para el Bosque\u201d, iniciativa impulsada por Claudia Sheinbaum Pardo, jefa de Gobierno de la Ciudad de M\u00e9xico, [&hellip;]<\/p>\n","protected":false},"author":1,"featured_media":20966,"comment_status":"closed","ping_status":"closed","sticky":false,"template":"","format":"standard","meta":{"footnotes":""},"categories":[35],"tags":[],"class_list":["post-20965","post","type-post","status-publish","format-standard","has-post-thumbnail","hentry","category-cdmx"],"_links":{"self":[{"href":"https:\/\/elinformante.mx\/index.php?rest_route=\/wp\/v2\/posts\/20965","targetHints":{"allow":["GET"]}}],"collection":[{"href":"https:\/\/elinformante.mx\/index.php?rest_route=\/wp\/v2\/posts"}],"about":[{"href":"https:\/\/elinformante.mx\/index.php?rest_route=\/wp\/v2\/types\/post"}],"author":[{"embeddable":true,"href":"https:\/\/elinformante.mx\/index.php?rest_route=\/wp\/v2\/users\/1"}],"replies":[{"embeddable":true,"href":"https:\/\/elinformante.mx\/index.php?rest_route=%2Fwp%2Fv2%2Fcomments&post=20965"}],"version-history":[{"count":0,"href":"https:\/\/elinformante.mx\/index.php?rest_route=\/wp\/v2\/posts\/20965\/revisions"}],"wp:featuredmedia":[{"embeddable":true,"href":"https:\/\/elinformante.mx\/index.php?rest_route=\/wp\/v2\/media\/20966"}],"wp:attachment":[{"href":"https:\/\/elinformante.mx\/index.php?rest_route=%2Fwp%2Fv2%2Fmedia&parent=20965"}],"wp:term":[{"taxonomy":"category","embeddable":true,"href":"https:\/\/elinformante.mx\/index.php?rest_route=%2Fwp%2Fv2%2Fcategories&post=20965"},{"taxonomy":"post_tag","embeddable":true,"href":"https:\/\/elinformante.mx\/index.php?rest_route=%2Fwp%2Fv2%2Ftags&post=20965"}],"curies":[{"name":"wp","href":"https:\/\/api.w.org\/{rel}","templated":true}]}}