{"id":20968,"date":"2023-03-01T15:38:49","date_gmt":"2023-03-01T15:38:49","guid":{"rendered":"https:\/\/elinformante.mx\/?p=20968"},"modified":"2023-03-01T15:38:50","modified_gmt":"2023-03-01T15:38:50","slug":"trabajadores-de-la-uacm-exigen-incremento-salarial-y-condiciones-laborales-dignas","status":"publish","type":"post","link":"https:\/\/elinformante.mx\/?p=20968","title":{"rendered":"Trabajadores de la UACM exigen incremento salarial y condiciones laborales dignas"},"content":{"rendered":"\n<blockquote class=\"wp-block-quote is-layout-flow wp-block-quote-is-layout-flow\">\n<p>Diputados locales del PAN piden a la rectora de la UACM atender las peticiones d los trabajadores a fin de garantizarles incremento salarial y condiciones laborales dignas.<\/p>\n<\/blockquote>\n\n\n\n<p>Diputados locales del PAN pidieron a la rectora de la Universidad Aut\u00f3noma de la Ciudad de M\u00e9xico, Tania Rodr\u00edguez Mora y a la jefa de gobierno, Claudia Sheinbaum: \u201catender las peticiones de las y los trabajadores de los planteles de la Universidad Aut\u00f3noma de la Ciudad de M\u00e9xico (UACM), a efecto de garantizarles el incremento salarial suficiente y condiciones laborales dignas\u201d.<br><\/p>\n\n\n\n<p>Las diputadas locales Claudia Montes de Oca y Frida Guill\u00e9n, junto con el coordinador de la bancada, Federico D\u00f6ring, participaron en conferencia de prensa junto con representantes del Sindicato \u00danico de Trabajadores de la UACM, en el que los trabajadores exigieron \u201cun incremento salarial suficiente tomando como base el \u00edndice de inflaci\u00f3n del 2022, que es cerca del 8 por ciento, o al menos el incremento porcentual que recibi\u00f3 la Universidad, que es de cerca del 7 por ciento\u201d.<br><\/p>\n\n\n\n<p>Y recordaron que lo que les ha ofrecido la autoridad universitaria es un incremento de menos del 3 por ciento.<br><\/p>\n\n\n\n<p>La Secretaria General del Sindicato, la maestra Gabriela Barrueta, hizo un llamado a impulsar un ambiente favorable para beneficio de toda la comunidad de la UACM: \u201cvisibilizando la crisis educativa en que se encuentra la Ciudad porque la jefa de Gobierno no tiene inter\u00e9s por los sindicatos, mucho menos Morena\u201d.<br><\/p>\n\n\n\n<p>Entre las solicitudes, est\u00e1 un \u201cajuste salarial digno\u201d tomando como base el \u00edndice inflacionario anual del 2022, adem\u00e1s de \u201cocupar las plazas vacantes que existen en la actualidad para reducir la carga de trabajo excesiva de la planta actual de las y los trabajadores de dicha universidad\u201d.<\/p>\n","protected":false},"excerpt":{"rendered":"<p>Diputados locales del PAN piden a la rectora de la UACM atender las peticiones d los trabajadores a fin de garantizarles incremento salarial y condiciones laborales dignas. Diputados locales del PAN pidieron a la rectora de la Universidad Aut\u00f3noma de la Ciudad de M\u00e9xico, Tania Rodr\u00edguez Mora y a la jefa de gobierno, Claudia Sheinbaum: [&hellip;]<\/p>\n","protected":false},"author":1,"featured_media":20969,"comment_status":"closed","ping_status":"closed","sticky":false,"template":"","format":"standard","meta":{"footnotes":""},"categories":[35],"tags":[],"class_list":["post-20968","post","type-post","status-publish","format-standard","has-post-thumbnail","hentry","category-cdmx"],"_links":{"self":[{"href":"https:\/\/elinformante.mx\/index.php?rest_route=\/wp\/v2\/posts\/20968","targetHints":{"allow":["GET"]}}],"collection":[{"href":"https:\/\/elinformante.mx\/index.php?rest_route=\/wp\/v2\/posts"}],"about":[{"href":"https:\/\/elinformante.mx\/index.php?rest_route=\/wp\/v2\/types\/post"}],"author":[{"embeddable":true,"href":"https:\/\/elinformante.mx\/index.php?rest_route=\/wp\/v2\/users\/1"}],"replies":[{"embeddable":true,"href":"https:\/\/elinformante.mx\/index.php?rest_route=%2Fwp%2Fv2%2Fcomments&post=20968"}],"version-history":[{"count":0,"href":"https:\/\/elinformante.mx\/index.php?rest_route=\/wp\/v2\/posts\/20968\/revisions"}],"wp:featuredmedia":[{"embeddable":true,"href":"https:\/\/elinformante.mx\/index.php?rest_route=\/wp\/v2\/media\/20969"}],"wp:attachment":[{"href":"https:\/\/elinformante.mx\/index.php?rest_route=%2Fwp%2Fv2%2Fmedia&parent=20968"}],"wp:term":[{"taxonomy":"category","embeddable":true,"href":"https:\/\/elinformante.mx\/index.php?rest_route=%2Fwp%2Fv2%2Fcategories&post=20968"},{"taxonomy":"post_tag","embeddable":true,"href":"https:\/\/elinformante.mx\/index.php?rest_route=%2Fwp%2Fv2%2Ftags&post=20968"}],"curies":[{"name":"wp","href":"https:\/\/api.w.org\/{rel}","templated":true}]}}