{"id":20971,"date":"2023-03-01T15:39:31","date_gmt":"2023-03-01T15:39:31","guid":{"rendered":"https:\/\/elinformante.mx\/?p=20971"},"modified":"2023-03-01T15:39:32","modified_gmt":"2023-03-01T15:39:32","slug":"presentan-carta-de-derechos-de-victimas-traducida-en-nueve-lenguas-indigenas","status":"publish","type":"post","link":"https:\/\/elinformante.mx\/?p=20971","title":{"rendered":"Presentan carta de Derechos de V\u00edctimas traducida en nueve lenguas ind\u00edgenas"},"content":{"rendered":"\n<blockquote class=\"wp-block-quote is-layout-flow wp-block-quote-is-layout-flow\">\n<p>Dicha cartilla contendr\u00e1 parte de los derechos a los que tiene una persona que acude a denunciar un delito y tambi\u00e9n tendr\u00e1 un c\u00f3digo QR que dirigir\u00e1 a un micrositio donde se hace un desglose m\u00e1s amplio de esa informaci\u00f3n.<\/p>\n<\/blockquote>\n\n\n\n<p>Este martes, la titular de la Fiscal\u00eda General de Justicia (FGJ) de la Ciudad de M\u00e9xico, Ernestina Godoy present\u00f3 la \u2018Carta de Derechos de las V\u00edctimas\u2019.<br><\/p>\n\n\n\n<p>Dicha cartilla contendr\u00e1 parte de los derechos a los que tiene una persona que acude a denunciar un delito y tambi\u00e9n tendr\u00e1 un c\u00f3digo QR que dirigir\u00e1 a un micrositio donde se hace un desglose m\u00e1s amplio de esa informaci\u00f3n.<br><\/p>\n\n\n\n<p>Durante la presentaci\u00f3n que se llev\u00f3 a cabo este martes en el Museo de la CDMX, la fiscal detall\u00f3 que con este panfleto buscan que las v\u00edctimas conozcan que tienen m\u00e1s derechos a los ya conocidos como contar con un abogado.<br><\/p>\n\n\n\n<p>\u2018Si, pero tienes derecho tambi\u00e9n a que el Ministerio P\u00fablico, a que el Fiscal, te atienda, te explique, te diga que va a suceder, que vamos a investigar, la v\u00edctima tiene derecho a que investiguen\u2019.<br><\/p>\n\n\n\n<p>Godoy dijo que para acercar la justicia a todos los habitantes de la capital, el folleto fue traducido a nueve lenguas ind\u00edgenas, as\u00ed que junto con el escrito en espa\u00f1ol, en total habr\u00e1 10 panfletos con el mismo contenido.<br><\/p>\n\n\n\n<p>Cada uno de estos folletos ser\u00e1 distribuido en distintas coordinaciones territoriales e instalaciones de la Fiscal\u00eda capitalina.<br><\/p>\n\n\n\n<p>\u2018La obligaci\u00f3n del estado frente a las lenguas ind\u00edgenas, es revitalizarlas, reconocerlas, dignificarlas, y promover acciones para su preservaci\u00f3n oral y escrita, por ello considero que \u00e9ste trabajo ser\u00e1 un precedente importante\u2019, afirm\u00f3 la funcionara ante distintas autoridades capitalinas.<\/p>\n","protected":false},"excerpt":{"rendered":"<p>Dicha cartilla contendr\u00e1 parte de los derechos a los que tiene una persona que acude a denunciar un delito y tambi\u00e9n tendr\u00e1 un c\u00f3digo QR que dirigir\u00e1 a un micrositio donde se hace un desglose m\u00e1s amplio de esa informaci\u00f3n. Este martes, la titular de la Fiscal\u00eda General de Justicia (FGJ) de la Ciudad de [&hellip;]<\/p>\n","protected":false},"author":1,"featured_media":20972,"comment_status":"closed","ping_status":"closed","sticky":false,"template":"","format":"standard","meta":{"footnotes":""},"categories":[35],"tags":[],"class_list":["post-20971","post","type-post","status-publish","format-standard","has-post-thumbnail","hentry","category-cdmx"],"_links":{"self":[{"href":"https:\/\/elinformante.mx\/index.php?rest_route=\/wp\/v2\/posts\/20971","targetHints":{"allow":["GET"]}}],"collection":[{"href":"https:\/\/elinformante.mx\/index.php?rest_route=\/wp\/v2\/posts"}],"about":[{"href":"https:\/\/elinformante.mx\/index.php?rest_route=\/wp\/v2\/types\/post"}],"author":[{"embeddable":true,"href":"https:\/\/elinformante.mx\/index.php?rest_route=\/wp\/v2\/users\/1"}],"replies":[{"embeddable":true,"href":"https:\/\/elinformante.mx\/index.php?rest_route=%2Fwp%2Fv2%2Fcomments&post=20971"}],"version-history":[{"count":0,"href":"https:\/\/elinformante.mx\/index.php?rest_route=\/wp\/v2\/posts\/20971\/revisions"}],"wp:featuredmedia":[{"embeddable":true,"href":"https:\/\/elinformante.mx\/index.php?rest_route=\/wp\/v2\/media\/20972"}],"wp:attachment":[{"href":"https:\/\/elinformante.mx\/index.php?rest_route=%2Fwp%2Fv2%2Fmedia&parent=20971"}],"wp:term":[{"taxonomy":"category","embeddable":true,"href":"https:\/\/elinformante.mx\/index.php?rest_route=%2Fwp%2Fv2%2Fcategories&post=20971"},{"taxonomy":"post_tag","embeddable":true,"href":"https:\/\/elinformante.mx\/index.php?rest_route=%2Fwp%2Fv2%2Ftags&post=20971"}],"curies":[{"name":"wp","href":"https:\/\/api.w.org\/{rel}","templated":true}]}}