{"id":20974,"date":"2023-03-01T15:42:16","date_gmt":"2023-03-01T15:42:16","guid":{"rendered":"https:\/\/elinformante.mx\/?p=20974"},"modified":"2023-03-01T15:42:17","modified_gmt":"2023-03-01T15:42:17","slug":"necesario-que-calderon-fije-postura-por-caso-garcia-luna-amlo","status":"publish","type":"post","link":"https:\/\/elinformante.mx\/?p=20974","title":{"rendered":"Necesario, que Calder\u00f3n fije postura por caso Garc\u00eda Luna: AMLO"},"content":{"rendered":"\n<blockquote class=\"wp-block-quote is-layout-flow wp-block-quote-is-layout-flow\">\n<p>Adem\u00e1s reiter\u00f3 la importancia de que Garc\u00eda Luna se asuma como testigo en el juicio porque posee informaci\u00f3n valiosa.<\/p>\n<\/blockquote>\n\n\n\n<p>Una vez que se comprob\u00f3 la culpabilidad del ex secretario de Seguridad P\u00fablica, Genaro Garc\u00eda Luna por v\u00ednculos con el crimen organizado, es necesario que el ex presidente Calder\u00f3n fije su postura al respecto.<br><\/p>\n\n\n\n<p>Tras recordar que en una entrevista \u00e9l plante\u00f3 que si Garc\u00eda Luna resultaba culpable \u00e9l fijar\u00eda su postura le ofreci\u00f3 el espacio de la conferencia matutina \u201csi viniera aqu\u00ed nos comprometemos a que no haya preguntas nada m\u00e1s que de su testimonio que decimos que aqu\u00ed, porque fue presidente, haya sido como haya sido\u201d, que nos explique su relaci\u00f3n con Garc\u00eda Luna.<br><\/p>\n\n\n\n<p>Durante la conferencia, L\u00f3pez Obrador volvi\u00f3 al caso Garc\u00eda Luna y la responsabilidad de los ex presidentes, Vicente Fox y Calder\u00f3n, en este \u00faltimo caso, con particular \u00e9nfasis por el operativo de R\u00e1pido y Furioso, que introdujeron armas a M\u00e9xico para la delincuencia organizada.<br><\/p>\n\n\n\n<figure class=\"wp-block-image size-large\"><img fetchpriority=\"high\" decoding=\"async\" width=\"1024\" height=\"503\" src=\"https:\/\/elinformante.mx\/wp-content\/uploads\/2023\/03\/necesario-1024x503.jpg\" alt=\"\" class=\"wp-image-20976\" srcset=\"https:\/\/elinformante.mx\/wp-content\/uploads\/2023\/03\/necesario-1024x503.jpg 1024w, https:\/\/elinformante.mx\/wp-content\/uploads\/2023\/03\/necesario-300x147.jpg 300w, https:\/\/elinformante.mx\/wp-content\/uploads\/2023\/03\/necesario-768x377.jpg 768w, https:\/\/elinformante.mx\/wp-content\/uploads\/2023\/03\/necesario-580x285.jpg 580w, https:\/\/elinformante.mx\/wp-content\/uploads\/2023\/03\/necesario-860x422.jpg 860w, https:\/\/elinformante.mx\/wp-content\/uploads\/2023\/03\/necesario.jpg 1140w\" sizes=\"(max-width: 1024px) 100vw, 1024px\" \/><\/figure>\n\n\n\n<p>\u201cEstamos hablando de un operativo de gobierno, deciden introducir armas a M\u00e9xico para que esas armas les lleguen a delincuentes, supuestamente preparadas con sensores. Es incre\u00edble, el nivel de ingenuidad y de ineptitud en un narcoestado donde estaban infiltradas todas las instituciones. \u00bfque no se iban enterar los de la delincuencia que las armas llevaban sensores?\u201d Y lanz\u00f3 \u201cqu\u00e9, el presidente no lo sab\u00eda?\u201d.<br><\/p>\n\n\n\n<p>Reiter\u00f3 la importancia de que Garc\u00eda Luna se asuma como testigo en el juicio porque posee informaci\u00f3n valiosa, independientemente de la reducci\u00f3n en los a\u00f1os de sentencia, que explique su situaci\u00f3n con Fox y Calder\u00f3n, \u201cno descartemos esa posibilidad\u201d. Cuestion\u00f3 a aquellos que critican el traslado de la Guardia Nacional a la Secretar\u00eda de la Defensa Nacional argumentando la militarizaci\u00f3n que quisieran que se mantuviese la Polic\u00eda Federal que estuvo bajo el mando de Garc\u00eda Luna.<br><\/p>\n\n\n\n<p>\u201dQuienes son responsables de la seguridad del pueblo deben ser \u00edntegros, incorruptibles y completamente honestos. Habl\u00e1bamos que un ladr\u00f3n com\u00fan corriente debe ser castigado pero un ladr\u00f3n que al mismo tiempo act\u00faa como servidor p\u00fablico debe ser doblemente castigado porque tiene doble responsabilidad\u201d, dijo.<br><\/p>\n\n\n\n<p>L\u00f3pez Obrador present\u00f3 una entrevista con el ex encargado de Negocios de la embajada de Estados Unidos en M\u00e9xico y encargado de despacho cuando se fue el diplom\u00e1tico Carlos Pascual, en la que se\u00f1al\u00f3 que Mike Madrigal, un agente antinarc\u00f3ticos en M\u00e9xico, fue informado por Sergio Villarreal, El Grande de que Garc\u00eda Luna estaba en la n\u00f3mina de los c\u00e1rteles. En ese entonces, en el sexenio de Calder\u00f3n no inform\u00f3 a la embajada, dijo. Quiz\u00e1 lo hizo con fiscales en Texas.<\/p>\n","protected":false},"excerpt":{"rendered":"<p>Adem\u00e1s reiter\u00f3 la importancia de que Garc\u00eda Luna se asuma como testigo en el juicio porque posee informaci\u00f3n valiosa. Una vez que se comprob\u00f3 la culpabilidad del ex secretario de Seguridad P\u00fablica, Genaro Garc\u00eda Luna por v\u00ednculos con el crimen organizado, es necesario que el ex presidente Calder\u00f3n fije su postura al respecto. Tras recordar [&hellip;]<\/p>\n","protected":false},"author":1,"featured_media":20975,"comment_status":"closed","ping_status":"closed","sticky":false,"template":"","format":"standard","meta":{"footnotes":""},"categories":[34],"tags":[],"class_list":["post-20974","post","type-post","status-publish","format-standard","has-post-thumbnail","hentry","category-nacional"],"_links":{"self":[{"href":"https:\/\/elinformante.mx\/index.php?rest_route=\/wp\/v2\/posts\/20974","targetHints":{"allow":["GET"]}}],"collection":[{"href":"https:\/\/elinformante.mx\/index.php?rest_route=\/wp\/v2\/posts"}],"about":[{"href":"https:\/\/elinformante.mx\/index.php?rest_route=\/wp\/v2\/types\/post"}],"author":[{"embeddable":true,"href":"https:\/\/elinformante.mx\/index.php?rest_route=\/wp\/v2\/users\/1"}],"replies":[{"embeddable":true,"href":"https:\/\/elinformante.mx\/index.php?rest_route=%2Fwp%2Fv2%2Fcomments&post=20974"}],"version-history":[{"count":0,"href":"https:\/\/elinformante.mx\/index.php?rest_route=\/wp\/v2\/posts\/20974\/revisions"}],"wp:featuredmedia":[{"embeddable":true,"href":"https:\/\/elinformante.mx\/index.php?rest_route=\/wp\/v2\/media\/20975"}],"wp:attachment":[{"href":"https:\/\/elinformante.mx\/index.php?rest_route=%2Fwp%2Fv2%2Fmedia&parent=20974"}],"wp:term":[{"taxonomy":"category","embeddable":true,"href":"https:\/\/elinformante.mx\/index.php?rest_route=%2Fwp%2Fv2%2Fcategories&post=20974"},{"taxonomy":"post_tag","embeddable":true,"href":"https:\/\/elinformante.mx\/index.php?rest_route=%2Fwp%2Fv2%2Ftags&post=20974"}],"curies":[{"name":"wp","href":"https:\/\/api.w.org\/{rel}","templated":true}]}}