{"id":20984,"date":"2023-03-01T19:58:53","date_gmt":"2023-03-01T19:58:53","guid":{"rendered":"https:\/\/elinformante.mx\/?p=20984"},"modified":"2023-03-01T19:58:54","modified_gmt":"2023-03-01T19:58:54","slug":"rodolfo-noguez-renueva-la-caldera-del-rastro-municipal-de-jilotepec","status":"publish","type":"post","link":"https:\/\/elinformante.mx\/?p=20984","title":{"rendered":"Rodolfo Noguez renueva la caldera del Rastro Municipal de Jilotepec"},"content":{"rendered":"\n<p>El presidente municipal de Jilotepec Rodolfo Noguez Barajas renov\u00f3 la caldera del Rastro Municipal, para darle un mejor servicio a todos los comerciantes que hacen uso se est\u00e1s instalaciones.<\/p>\n\n\n<div class=\"wp-block-image\">\n<figure class=\"aligncenter size-large is-resized\"><img fetchpriority=\"high\" decoding=\"async\" src=\"https:\/\/elinformante.mx\/wp-content\/uploads\/2023\/03\/FOTOS-WORD-PRESS-44-1024x683.png\" alt=\"\" class=\"wp-image-20985\" width=\"487\" height=\"324\" srcset=\"https:\/\/elinformante.mx\/wp-content\/uploads\/2023\/03\/FOTOS-WORD-PRESS-44-1024x683.png 1024w, https:\/\/elinformante.mx\/wp-content\/uploads\/2023\/03\/FOTOS-WORD-PRESS-44-300x200.png 300w, https:\/\/elinformante.mx\/wp-content\/uploads\/2023\/03\/FOTOS-WORD-PRESS-44-768x512.png 768w, https:\/\/elinformante.mx\/wp-content\/uploads\/2023\/03\/FOTOS-WORD-PRESS-44-580x387.png 580w, https:\/\/elinformante.mx\/wp-content\/uploads\/2023\/03\/FOTOS-WORD-PRESS-44-860x573.png 860w, https:\/\/elinformante.mx\/wp-content\/uploads\/2023\/03\/FOTOS-WORD-PRESS-44.png 1080w\" sizes=\"(max-width: 487px) 100vw, 487px\" \/><\/figure>\n<\/div>\n\n<div class=\"wp-block-image\">\n<figure class=\"aligncenter size-large is-resized\"><img decoding=\"async\" src=\"https:\/\/elinformante.mx\/wp-content\/uploads\/2023\/03\/FOTOS-WORD-PRESS-42-1024x683.png\" alt=\"\" class=\"wp-image-20986\" width=\"472\" height=\"314\" srcset=\"https:\/\/elinformante.mx\/wp-content\/uploads\/2023\/03\/FOTOS-WORD-PRESS-42-1024x683.png 1024w, https:\/\/elinformante.mx\/wp-content\/uploads\/2023\/03\/FOTOS-WORD-PRESS-42-300x200.png 300w, https:\/\/elinformante.mx\/wp-content\/uploads\/2023\/03\/FOTOS-WORD-PRESS-42-768x512.png 768w, https:\/\/elinformante.mx\/wp-content\/uploads\/2023\/03\/FOTOS-WORD-PRESS-42-580x387.png 580w, https:\/\/elinformante.mx\/wp-content\/uploads\/2023\/03\/FOTOS-WORD-PRESS-42-860x573.png 860w, https:\/\/elinformante.mx\/wp-content\/uploads\/2023\/03\/FOTOS-WORD-PRESS-42.png 1080w\" sizes=\"(max-width: 472px) 100vw, 472px\" \/><\/figure>\n<\/div>\n\n\n<p><br>El alcalde felicit\u00f3 el trabajo de la Direcci\u00f3n de Desarrollo Agropecuario y a su director David Jim\u00e9nez Castillo por su empe\u00f1o y dedicaci\u00f3n.<\/p>\n\n\n<div class=\"wp-block-image\">\n<figure class=\"aligncenter size-large is-resized\"><img decoding=\"async\" src=\"https:\/\/elinformante.mx\/wp-content\/uploads\/2023\/03\/FOTOS-WORD-PRESS-43-1024x683.png\" alt=\"\" class=\"wp-image-20987\" width=\"575\" height=\"383\" srcset=\"https:\/\/elinformante.mx\/wp-content\/uploads\/2023\/03\/FOTOS-WORD-PRESS-43-1024x683.png 1024w, https:\/\/elinformante.mx\/wp-content\/uploads\/2023\/03\/FOTOS-WORD-PRESS-43-300x200.png 300w, https:\/\/elinformante.mx\/wp-content\/uploads\/2023\/03\/FOTOS-WORD-PRESS-43-768x512.png 768w, https:\/\/elinformante.mx\/wp-content\/uploads\/2023\/03\/FOTOS-WORD-PRESS-43-580x387.png 580w, https:\/\/elinformante.mx\/wp-content\/uploads\/2023\/03\/FOTOS-WORD-PRESS-43-860x573.png 860w, https:\/\/elinformante.mx\/wp-content\/uploads\/2023\/03\/FOTOS-WORD-PRESS-43.png 1080w\" sizes=\"(max-width: 575px) 100vw, 575px\" \/><\/figure>\n<\/div>","protected":false},"excerpt":{"rendered":"<p>El presidente municipal de Jilotepec Rodolfo Noguez Barajas renov\u00f3 la caldera del Rastro Municipal, para darle un mejor servicio a todos los comerciantes que hacen uso se est\u00e1s instalaciones. El alcalde felicit\u00f3 el trabajo de la Direcci\u00f3n de Desarrollo Agropecuario y a su director David Jim\u00e9nez Castillo por su empe\u00f1o y dedicaci\u00f3n.<\/p>\n","protected":false},"author":2,"featured_media":20988,"comment_status":"closed","ping_status":"closed","sticky":false,"template":"","format":"standard","meta":{"footnotes":""},"categories":[36],"tags":[],"class_list":["post-20984","post","type-post","status-publish","format-standard","has-post-thumbnail","hentry","category-edomex"],"_links":{"self":[{"href":"https:\/\/elinformante.mx\/index.php?rest_route=\/wp\/v2\/posts\/20984","targetHints":{"allow":["GET"]}}],"collection":[{"href":"https:\/\/elinformante.mx\/index.php?rest_route=\/wp\/v2\/posts"}],"about":[{"href":"https:\/\/elinformante.mx\/index.php?rest_route=\/wp\/v2\/types\/post"}],"author":[{"embeddable":true,"href":"https:\/\/elinformante.mx\/index.php?rest_route=\/wp\/v2\/users\/2"}],"replies":[{"embeddable":true,"href":"https:\/\/elinformante.mx\/index.php?rest_route=%2Fwp%2Fv2%2Fcomments&post=20984"}],"version-history":[{"count":0,"href":"https:\/\/elinformante.mx\/index.php?rest_route=\/wp\/v2\/posts\/20984\/revisions"}],"wp:featuredmedia":[{"embeddable":true,"href":"https:\/\/elinformante.mx\/index.php?rest_route=\/wp\/v2\/media\/20988"}],"wp:attachment":[{"href":"https:\/\/elinformante.mx\/index.php?rest_route=%2Fwp%2Fv2%2Fmedia&parent=20984"}],"wp:term":[{"taxonomy":"category","embeddable":true,"href":"https:\/\/elinformante.mx\/index.php?rest_route=%2Fwp%2Fv2%2Fcategories&post=20984"},{"taxonomy":"post_tag","embeddable":true,"href":"https:\/\/elinformante.mx\/index.php?rest_route=%2Fwp%2Fv2%2Ftags&post=20984"}],"curies":[{"name":"wp","href":"https:\/\/api.w.org\/{rel}","templated":true}]}}