{"id":21006,"date":"2023-03-01T23:55:27","date_gmt":"2023-03-01T23:55:27","guid":{"rendered":"https:\/\/elinformante.mx\/?p=21006"},"modified":"2023-03-01T23:55:27","modified_gmt":"2023-03-01T23:55:27","slug":"copa-toluca-de-tenis-cumplira-23-anos","status":"publish","type":"post","link":"https:\/\/elinformante.mx\/?p=21006","title":{"rendered":"Copa Toluca de Tenis cumplir\u00e1 23 a\u00f1os"},"content":{"rendered":"\n<p>La tradicional Copa Toluca de Tenis tomar\u00e1 vida del 11 de marzo al 2 de abril en su edici\u00f3n XXIII, evento avalado por la Asociaci\u00f3n de Tenis del Estado de M\u00e9xico (ATEM) y la Federaci\u00f3n Mexicana de Tenis (FMT).<\/p>\n\n\n\n<p>La sede ser\u00e1 el emblem\u00e1tico Club Toluca que abrir\u00e1 sus puertas a los mejores tenistas del Estado de M\u00e9xico, Y Estados vecinos; ser\u00e1n m\u00e1s de 450 tenistas de todas las edades desde los 10 a\u00f1os hasta 65 y (+) mayores.<\/p>\n\n\n\n<p>Desde este momento las inscripciones est\u00e1n abiertas para el evento de arcilla que repartir\u00e1 m\u00e1s de 110 mil pesos entre las 25 categor\u00edas de las que destacan Mini Tenis, Infantil y Juvenil, Singles Caballeros, Singles Damas, Dobles Mixtos y Dobles Caballeros.<\/p>\n\n\n\n<p>Destaca la participaci\u00f3n de Alejandro P\u00e9rez n\u00famero 1 en el ranking nacional y 6 del mundo de acuerdo a la Federaci\u00f3n Internacional de Tenis (ITF por sus siglas en ingl\u00e9s).<\/p>\n\n\n\n<p>Otras figura que encarar\u00e1n el torneo son Claudia Benedeto, considerada de las mejores doblistas en la categor\u00eda 55 veteranos, as\u00ed como los juveniles revelaciones nacionales Oscar Galv\u00e1n y Mar\u00eda Jos\u00e9 Ch\u00e1vez, ranqueados dentro del top 20 nacional.<\/p>\n\n\n\n<p>La presentaci\u00f3n corri\u00f3 a cargo de Patricia Sotelo Avil\u00e9s, Gerente General del Club Toluca; Alfredo Vilchis Alvarado, Consejero del Club Toluca; Zain Bernal Beltr\u00e1n, Director General del Instituto Municipal de Cultura F\u00edsica y Deporte de Toluca y del profesor Vicente Lomas, Director del Torneo, as\u00ed como de Daniel Alfaro y Jennifer Rosales, representantes de Freigliner y Astrocamiones respectivamente.<\/p>\n\n\n\n<p>En tanto para engalanar el evento, simult\u00e1neamente habr\u00e1 actividades competitivas dentro del Club de taekwondo, b\u00e1dminton, boxeo y f\u00fatbol.<\/p>\n\n\n\n<p>S\u00e9 precis\u00f3 adem\u00e1s que el Nacional Grado 2 infantil y juvenil que se celebra a la par del 20 al 26 de marzo en Toluca tendr\u00e1 la visita de jugadores de diversas entidades del pa\u00eds y se jugar\u00e1 tanto en el Club Toluca como en el Club La Asunci\u00f3n y San Carlos.<br><br><\/p>\n\n\n\n<figure class=\"wp-block-image size-large\"><img fetchpriority=\"high\" decoding=\"async\" width=\"1024\" height=\"576\" src=\"https:\/\/elinformante.mx\/wp-content\/uploads\/2023\/03\/PORTADA-18-1024x576.png\" alt=\"\" class=\"wp-image-21008\" srcset=\"https:\/\/elinformante.mx\/wp-content\/uploads\/2023\/03\/PORTADA-18-1024x576.png 1024w, https:\/\/elinformante.mx\/wp-content\/uploads\/2023\/03\/PORTADA-18-300x169.png 300w, https:\/\/elinformante.mx\/wp-content\/uploads\/2023\/03\/PORTADA-18-768x432.png 768w, https:\/\/elinformante.mx\/wp-content\/uploads\/2023\/03\/PORTADA-18-1536x864.png 1536w, https:\/\/elinformante.mx\/wp-content\/uploads\/2023\/03\/PORTADA-18-580x326.png 580w, https:\/\/elinformante.mx\/wp-content\/uploads\/2023\/03\/PORTADA-18-860x484.png 860w, https:\/\/elinformante.mx\/wp-content\/uploads\/2023\/03\/PORTADA-18-1160x653.png 1160w, https:\/\/elinformante.mx\/wp-content\/uploads\/2023\/03\/PORTADA-18.png 1920w\" sizes=\"(max-width: 1024px) 100vw, 1024px\" \/><\/figure>\n","protected":false},"excerpt":{"rendered":"<p>La tradicional Copa Toluca de Tenis tomar\u00e1 vida del 11 de marzo al 2 de abril en su edici\u00f3n XXIII, evento avalado por la Asociaci\u00f3n de Tenis del Estado de M\u00e9xico (ATEM) y la Federaci\u00f3n Mexicana de Tenis (FMT). La sede ser\u00e1 el emblem\u00e1tico Club Toluca que abrir\u00e1 sus puertas a los mejores tenistas del [&hellip;]<\/p>\n","protected":false},"author":2,"featured_media":21007,"comment_status":"closed","ping_status":"closed","sticky":false,"template":"","format":"standard","meta":{"footnotes":""},"categories":[38,36],"tags":[],"class_list":["post-21006","post","type-post","status-publish","format-standard","has-post-thumbnail","hentry","category-deportes","category-edomex"],"_links":{"self":[{"href":"https:\/\/elinformante.mx\/index.php?rest_route=\/wp\/v2\/posts\/21006","targetHints":{"allow":["GET"]}}],"collection":[{"href":"https:\/\/elinformante.mx\/index.php?rest_route=\/wp\/v2\/posts"}],"about":[{"href":"https:\/\/elinformante.mx\/index.php?rest_route=\/wp\/v2\/types\/post"}],"author":[{"embeddable":true,"href":"https:\/\/elinformante.mx\/index.php?rest_route=\/wp\/v2\/users\/2"}],"replies":[{"embeddable":true,"href":"https:\/\/elinformante.mx\/index.php?rest_route=%2Fwp%2Fv2%2Fcomments&post=21006"}],"version-history":[{"count":0,"href":"https:\/\/elinformante.mx\/index.php?rest_route=\/wp\/v2\/posts\/21006\/revisions"}],"wp:featuredmedia":[{"embeddable":true,"href":"https:\/\/elinformante.mx\/index.php?rest_route=\/wp\/v2\/media\/21007"}],"wp:attachment":[{"href":"https:\/\/elinformante.mx\/index.php?rest_route=%2Fwp%2Fv2%2Fmedia&parent=21006"}],"wp:term":[{"taxonomy":"category","embeddable":true,"href":"https:\/\/elinformante.mx\/index.php?rest_route=%2Fwp%2Fv2%2Fcategories&post=21006"},{"taxonomy":"post_tag","embeddable":true,"href":"https:\/\/elinformante.mx\/index.php?rest_route=%2Fwp%2Fv2%2Ftags&post=21006"}],"curies":[{"name":"wp","href":"https:\/\/api.w.org\/{rel}","templated":true}]}}