{"id":21222,"date":"2023-03-03T14:27:15","date_gmt":"2023-03-03T14:27:15","guid":{"rendered":"https:\/\/elinformante.mx\/?p=21222"},"modified":"2023-03-03T14:28:16","modified_gmt":"2023-03-03T14:28:16","slug":"dos-maestros-del-colegio-carmel-son-denunciados-por-abuso-sexual-contra-alumnos","status":"publish","type":"post","link":"https:\/\/elinformante.mx\/?p=21222","title":{"rendered":"Dos maestros del Colegio Carmel son denunciados por abuso sexual contra alumnos"},"content":{"rendered":"\n<blockquote class=\"wp-block-quote is-layout-flow wp-block-quote-is-layout-flow\">\n<p>\u201cLos ni\u00f1os no se tocan, no se violan, no se queman, no se venden y no se matan\u201d, dec\u00edan las pancartas que los manifestantes mostraron en el bloqueo en demanda de justicia para los menores v\u00edctimas.<\/p>\n<\/blockquote>\n\n\n\n<p>Decenas de padres de familia que han hecho bloqueo de vialidades con el fin de exigir justicia para sus hijos afectados, demandan el cierre del plantel en lo que se realizan las averiguaciones y se detienen a los responsables. Uno de los maestros se\u00f1alados como presuntos agresores es el de M\u00fasica, identificado como \u201cJavier\u201d.<br><\/p>\n\n\n\n<p>Seg\u00fan los padres de los menores afectados, la denuncia penal contra los maestros del colegio fue interpuesta desde enero pasado en la Fiscal\u00eda que dirige Ernestina Godoy. Sin embargo, ante la falta de acciones de las autoridades, ayer cerraron durante varias horas la circulaci\u00f3n vehicular en el cruce del Eje 3 Cafetales y la Calzada del Hueso, en la zona de Coapa, al sur de la CDMX.<br><\/p>\n\n\n\n<p>El colegio Carmel da educaci\u00f3n preescolar, primaria y secundaria. Ante la presi\u00f3n del bloqueo, la FGJCDMX inform\u00f3 que integra una investigaci\u00f3n derivada de las mencionadas denuncias en el colegio Carmel. En una tarjeta informativa, reconoci\u00f3 que en enero pasado, la Fiscal\u00eda de Investigaci\u00f3n de Delitos Sexuales inici\u00f3 las indagatorias \u201cy desde entonces ha llevado a cabo diversas diligencias para esclarecer los hechos y garantizar el inter\u00e9s superior de la ni\u00f1ez\u201d.<br><\/p>\n\n\n\n<p>El Colegio Carmel difundi\u00f3 una carta en la que asegur\u00f3 que, desde el momento en que tuvo conocimiento de las denuncias, \u201cpuso en operaci\u00f3n todos los protocolos para garantizar la seguridad del alumnado y, sobre todo, se apeg\u00f3 a los lineamientos establecidos por la autoridad investigadora, con el objetivo de preservar el sigilo de la indagatoria y los derechos fundamentales de todos los involucrados\u201d.<\/p>\n","protected":false},"excerpt":{"rendered":"<p>\u201cLos ni\u00f1os no se tocan, no se violan, no se queman, no se venden y no se matan\u201d, dec\u00edan las pancartas que los manifestantes mostraron en el bloqueo en demanda de justicia para los menores v\u00edctimas. Decenas de padres de familia que han hecho bloqueo de vialidades con el fin de exigir justicia para sus [&hellip;]<\/p>\n","protected":false},"author":1,"featured_media":21223,"comment_status":"closed","ping_status":"closed","sticky":false,"template":"","format":"standard","meta":{"footnotes":""},"categories":[35],"tags":[],"class_list":["post-21222","post","type-post","status-publish","format-standard","has-post-thumbnail","hentry","category-cdmx"],"_links":{"self":[{"href":"https:\/\/elinformante.mx\/index.php?rest_route=\/wp\/v2\/posts\/21222","targetHints":{"allow":["GET"]}}],"collection":[{"href":"https:\/\/elinformante.mx\/index.php?rest_route=\/wp\/v2\/posts"}],"about":[{"href":"https:\/\/elinformante.mx\/index.php?rest_route=\/wp\/v2\/types\/post"}],"author":[{"embeddable":true,"href":"https:\/\/elinformante.mx\/index.php?rest_route=\/wp\/v2\/users\/1"}],"replies":[{"embeddable":true,"href":"https:\/\/elinformante.mx\/index.php?rest_route=%2Fwp%2Fv2%2Fcomments&post=21222"}],"version-history":[{"count":0,"href":"https:\/\/elinformante.mx\/index.php?rest_route=\/wp\/v2\/posts\/21222\/revisions"}],"wp:featuredmedia":[{"embeddable":true,"href":"https:\/\/elinformante.mx\/index.php?rest_route=\/wp\/v2\/media\/21223"}],"wp:attachment":[{"href":"https:\/\/elinformante.mx\/index.php?rest_route=%2Fwp%2Fv2%2Fmedia&parent=21222"}],"wp:term":[{"taxonomy":"category","embeddable":true,"href":"https:\/\/elinformante.mx\/index.php?rest_route=%2Fwp%2Fv2%2Fcategories&post=21222"},{"taxonomy":"post_tag","embeddable":true,"href":"https:\/\/elinformante.mx\/index.php?rest_route=%2Fwp%2Fv2%2Ftags&post=21222"}],"curies":[{"name":"wp","href":"https:\/\/api.w.org\/{rel}","templated":true}]}}