{"id":21241,"date":"2023-03-03T14:42:51","date_gmt":"2023-03-03T14:42:51","guid":{"rendered":"https:\/\/elinformante.mx\/?p=21241"},"modified":"2023-03-03T14:42:52","modified_gmt":"2023-03-03T14:42:52","slug":"la-campana-contra-lo-que-no-se-acepta","status":"publish","type":"post","link":"https:\/\/elinformante.mx\/?p=21241","title":{"rendered":"LA CAMPA\u00d1A CONTRA LO QUE NO SE ACEPTA"},"content":{"rendered":"\n<blockquote class=\"wp-block-quote is-layout-flow wp-block-quote-is-layout-flow\">\n<p>Por Isadora Cant\u00fa Gonzaga<\/p>\n<\/blockquote>\n\n\n\n<p>La ministra Norma Pi\u00f1a, presidenta de la Suprema Corte de Justicia de la Naci\u00f3n, es v\u00edctima de una campa\u00f1a de odio que busca minar su imagen de cara al an\u00e1lisis de la reforma electoral o Plan B.<br><\/p>\n\n\n\n<p>Desde Palacio Nacional, el propio presidente Andr\u00e9s Manuel L\u00f3pez Obrador atiza la campa\u00f1a al cuestionar, sin mayores argumentos que su palabra, la honestidad de la ministra.<br><\/p>\n\n\n\n<p>El jefe del Ejecutivo dijo que \u201cdesde que lleg\u00f3 -Pi\u00f1a- a la Corte, se han dictado sentencias a favor de delincuentes\u2019\u2019, refiri\u00e9ndose a la exoneraci\u00f3n de Rosario Robles, al amparo que gan\u00f3 Francisco Javier Garc\u00eda Cabeza de Vaca y al descongelamiento de las cuentas de la esposa de Genaro Garc\u00eda Luna, el mismo d\u00eda en el que el exsecretario de Seguridad fue hallado culpable de delitos relacionados con el narcotr\u00e1fico.<br><\/p>\n\n\n\n<p>No hay argumentos, no hay datos duros ni informaci\u00f3n, solo la palabra presidencial, que es la orden para que sus seguidores se lancen en una cruzada en contra de la ministra inc\u00f3moda.<br><\/p>\n\n\n\n<p>Ayer, desde una cuenta de Twitter -que no ponemos para no hacer m\u00e1s famoso al presunto delincuente-, se public\u00f3 una foto de la ministra Pi\u00f1a con la leyenda \u201cel problema\u2019\u2019 y abajo una foto de una bala con la leyenda \u201cla soluci\u00f3n\u2019\u2019.<br><\/p>\n\n\n\n<p>La amenaza deb\u00eda investigarse, si el Gobierno la tomara en serio.<br><\/p>\n\n\n\n<p>Pi\u00f1a y los ministros que han mostrado su independencia del Ejecutivo han sido sistem\u00e1ticamente acosados en las redes por los lopezobradoristas.<br><\/p>\n\n\n\n<p>La ministra no ha respondido a los ataques ni de manera personal ni institucional.<br><\/p>\n\n\n\n<p>Pero queda claro que la estrategia es debilitar, minar, cuestionar la \u00e9tica personal de la presidenta de la Corte como una forma de intimidar de cara a la que se prev\u00e9 ser\u00e1 una discusi\u00f3n fundamental para el futuro del pa\u00eds y de la 4T.<br><\/p>\n\n\n\n<p>Si el Presidente presume que hay o hubo actos de corrupci\u00f3n en los tres casos arriba citados, tiene a la Fiscal\u00eda General para que los investigue y los denuncie y, en el \u00faltimo de los casos, para que le demuestre a \u00e9l que efectivamente los jueces se vendieron.<br><\/p>\n\n\n\n<p>Pero de eso a que solo porque \u00e9l lo dice debemos creer que Jos\u00e9 Ram\u00f3n Coss\u00edo \u201ces un corruptazo\u2019\u2019 o que la ministra Pi\u00f1a orden\u00f3 a los jueces fallar a favor de tres presuntos delincuentes, hay una Constituci\u00f3n de diferencia.<\/p>\n","protected":false},"excerpt":{"rendered":"<p>Por Isadora Cant\u00fa Gonzaga La ministra Norma Pi\u00f1a, presidenta de la Suprema Corte de Justicia de la Naci\u00f3n, es v\u00edctima de una campa\u00f1a de odio que busca minar su imagen de cara al an\u00e1lisis de la reforma electoral o Plan B. Desde Palacio Nacional, el propio presidente Andr\u00e9s Manuel L\u00f3pez Obrador atiza la campa\u00f1a al [&hellip;]<\/p>\n","protected":false},"author":1,"featured_media":21242,"comment_status":"closed","ping_status":"closed","sticky":false,"template":"","format":"standard","meta":{"footnotes":""},"categories":[32],"tags":[],"class_list":["post-21241","post","type-post","status-publish","format-standard","has-post-thumbnail","hentry","category-editorial"],"_links":{"self":[{"href":"https:\/\/elinformante.mx\/index.php?rest_route=\/wp\/v2\/posts\/21241","targetHints":{"allow":["GET"]}}],"collection":[{"href":"https:\/\/elinformante.mx\/index.php?rest_route=\/wp\/v2\/posts"}],"about":[{"href":"https:\/\/elinformante.mx\/index.php?rest_route=\/wp\/v2\/types\/post"}],"author":[{"embeddable":true,"href":"https:\/\/elinformante.mx\/index.php?rest_route=\/wp\/v2\/users\/1"}],"replies":[{"embeddable":true,"href":"https:\/\/elinformante.mx\/index.php?rest_route=%2Fwp%2Fv2%2Fcomments&post=21241"}],"version-history":[{"count":0,"href":"https:\/\/elinformante.mx\/index.php?rest_route=\/wp\/v2\/posts\/21241\/revisions"}],"wp:featuredmedia":[{"embeddable":true,"href":"https:\/\/elinformante.mx\/index.php?rest_route=\/wp\/v2\/media\/21242"}],"wp:attachment":[{"href":"https:\/\/elinformante.mx\/index.php?rest_route=%2Fwp%2Fv2%2Fmedia&parent=21241"}],"wp:term":[{"taxonomy":"category","embeddable":true,"href":"https:\/\/elinformante.mx\/index.php?rest_route=%2Fwp%2Fv2%2Fcategories&post=21241"},{"taxonomy":"post_tag","embeddable":true,"href":"https:\/\/elinformante.mx\/index.php?rest_route=%2Fwp%2Fv2%2Ftags&post=21241"}],"curies":[{"name":"wp","href":"https:\/\/api.w.org\/{rel}","templated":true}]}}