{"id":21477,"date":"2023-03-08T14:02:54","date_gmt":"2023-03-08T14:02:54","guid":{"rendered":"https:\/\/elinformante.mx\/?p=21477"},"modified":"2023-03-08T14:02:55","modified_gmt":"2023-03-08T14:02:55","slug":"se-alista-la-quinta-feria-del-taco-zinacantepec-2023","status":"publish","type":"post","link":"https:\/\/elinformante.mx\/?p=21477","title":{"rendered":"Se alista la Quinta Feria del Taco Zinacantepec 2023"},"content":{"rendered":"\n<blockquote class=\"wp-block-quote is-layout-flow wp-block-quote-is-layout-flow\">\n<p>El alcalde Manuel Vilchis Viveros, destac\u00f3 que en el municipio se impuls\u00f3 la primera feria del Taco de la regi\u00f3n, por lo que buscan conservar dicha tradici\u00f3n, que sirve para fomentar el desarrollo econ\u00f3mico.<\/p>\n<\/blockquote>\n\n\n\n<p>Zinacantepec alista la quinta edici\u00f3n de la Feria del Taco 2023, la cual se llevar\u00e1 a cabo los pr\u00f3ximos 25 y 26 de marzo, en el primer cuadro del centro del municipio.<br><\/p>\n\n\n\n<p>El alcalde Manuel Vilchis Viveros, destac\u00f3 que en el municipio se impuls\u00f3 la primera feria del Taco de la regi\u00f3n, por lo que buscan conservar dicha tradici\u00f3n, que sirve para fomentar el desarrollo econ\u00f3mico.<br><\/p>\n\n\n\n<p>Alrededor de 47 taquer\u00edas ser\u00e1n las participantes, 90 por ciento originarias del municipio, y el resto de demarcaciones vecinas; quienes ofertar\u00e1n variedades de tacos, entre ellos: de cecina, chorizo, pastor, carnitas, birria, cochinita pibil, as\u00ed como los de jabal\u00ed y camarones.<br><\/p>\n\n\n\n<p>La feria tambi\u00e9n contar\u00e1 con stands para la expo venta de artesan\u00edas, en la que participar\u00e1n 60 artesanos de la regi\u00f3n; instalar\u00e1n juegos mec\u00e1nicos; y a lo largo de los dos d\u00edas, habr\u00e1 presentaciones art\u00edsticas y culturales. Para el cierre de la feria, el 26 de marzo, el evento estelar ser\u00e1 la presentaci\u00f3n de la Banda el Recodo.<br><\/p>\n\n\n\n<figure class=\"wp-block-image size-large\"><img fetchpriority=\"high\" decoding=\"async\" width=\"1024\" height=\"503\" src=\"https:\/\/elinformante.mx\/wp-content\/uploads\/2023\/03\/quinta-2-1024x503.jpg\" alt=\"\" class=\"wp-image-21479\" srcset=\"https:\/\/elinformante.mx\/wp-content\/uploads\/2023\/03\/quinta-2-1024x503.jpg 1024w, https:\/\/elinformante.mx\/wp-content\/uploads\/2023\/03\/quinta-2-300x147.jpg 300w, https:\/\/elinformante.mx\/wp-content\/uploads\/2023\/03\/quinta-2-768x377.jpg 768w, https:\/\/elinformante.mx\/wp-content\/uploads\/2023\/03\/quinta-2-580x285.jpg 580w, https:\/\/elinformante.mx\/wp-content\/uploads\/2023\/03\/quinta-2-860x422.jpg 860w, https:\/\/elinformante.mx\/wp-content\/uploads\/2023\/03\/quinta-2.jpg 1140w\" sizes=\"(max-width: 1024px) 100vw, 1024px\" \/><\/figure>\n\n\n\n<p>Roberto Germ\u00e1n Flores Patoni, director de Desarrollo Econ\u00f3mico de Zinacantepec, se\u00f1al\u00f3 que este a\u00f1o esperan de 15 mil a 20 mil asistentes por d\u00eda, principalmente para el cierre de la feria.<br><\/p>\n\n\n\n<p>Para garantizar la seguridad de los asistentes, la Direcci\u00f3n de Seguridad P\u00fablica implementar\u00e1 operativos especiales, encaminados a la vigilancia y movilidad; adem\u00e1s de controlar y vigilar la venta de bebidas alcoh\u00f3licas.<br><\/p>\n\n\n\n<p>V\u00edctor Hugo Osorno Reyes, titular del \u00e1rea, precis\u00f3 que 100 elementos se encargar\u00e1n del cuidado de la feria; adem\u00e1s tendr\u00e1n coordinaci\u00f3n con polic\u00edas de Toluca y Almoloya de Ju\u00e1rez, as\u00ed como con la Guardia Nacional (GN).<br><\/p>\n\n\n\n<p>Para el tr\u00e1nsito, el \u00e1rea de Movilidad y Desarrollo Metropolitano har\u00e1 cortes a la circulaci\u00f3n vial, para que el primer cuadro pueda ser transitable a pie por los visitantes.<br><\/p>\n\n\n\n<p>Adri\u00e1n Cienfuegos Su\u00e1rez, representante de los taqueros, destac\u00f3 que los participantes de la feria ofrecer\u00e1n calidad en sus productos, as\u00ed como altos est\u00e1ndares de sanidad, pues han sido capacitados en materia de manejo de alimentos, asimismo en materia de Protecci\u00f3n Civil.<\/p>\n","protected":false},"excerpt":{"rendered":"<p>El alcalde Manuel Vilchis Viveros, destac\u00f3 que en el municipio se impuls\u00f3 la primera feria del Taco de la regi\u00f3n, por lo que buscan conservar dicha tradici\u00f3n, que sirve para fomentar el desarrollo econ\u00f3mico. Zinacantepec alista la quinta edici\u00f3n de la Feria del Taco 2023, la cual se llevar\u00e1 a cabo los pr\u00f3ximos 25 y [&hellip;]<\/p>\n","protected":false},"author":1,"featured_media":21478,"comment_status":"closed","ping_status":"closed","sticky":false,"template":"","format":"standard","meta":{"footnotes":""},"categories":[30,36],"tags":[],"class_list":["post-21477","post","type-post","status-publish","format-standard","has-post-thumbnail","hentry","category-destacado","category-edomex"],"_links":{"self":[{"href":"https:\/\/elinformante.mx\/index.php?rest_route=\/wp\/v2\/posts\/21477","targetHints":{"allow":["GET"]}}],"collection":[{"href":"https:\/\/elinformante.mx\/index.php?rest_route=\/wp\/v2\/posts"}],"about":[{"href":"https:\/\/elinformante.mx\/index.php?rest_route=\/wp\/v2\/types\/post"}],"author":[{"embeddable":true,"href":"https:\/\/elinformante.mx\/index.php?rest_route=\/wp\/v2\/users\/1"}],"replies":[{"embeddable":true,"href":"https:\/\/elinformante.mx\/index.php?rest_route=%2Fwp%2Fv2%2Fcomments&post=21477"}],"version-history":[{"count":0,"href":"https:\/\/elinformante.mx\/index.php?rest_route=\/wp\/v2\/posts\/21477\/revisions"}],"wp:featuredmedia":[{"embeddable":true,"href":"https:\/\/elinformante.mx\/index.php?rest_route=\/wp\/v2\/media\/21478"}],"wp:attachment":[{"href":"https:\/\/elinformante.mx\/index.php?rest_route=%2Fwp%2Fv2%2Fmedia&parent=21477"}],"wp:term":[{"taxonomy":"category","embeddable":true,"href":"https:\/\/elinformante.mx\/index.php?rest_route=%2Fwp%2Fv2%2Fcategories&post=21477"},{"taxonomy":"post_tag","embeddable":true,"href":"https:\/\/elinformante.mx\/index.php?rest_route=%2Fwp%2Fv2%2Ftags&post=21477"}],"curies":[{"name":"wp","href":"https:\/\/api.w.org\/{rel}","templated":true}]}}