{"id":21496,"date":"2023-03-08T14:31:12","date_gmt":"2023-03-08T14:31:12","guid":{"rendered":"https:\/\/elinformante.mx\/?p=21496"},"modified":"2023-03-08T14:31:13","modified_gmt":"2023-03-08T14:31:13","slug":"habilitaran-rutas-alternas-tras-bloqueo-en-carretera-tijuana-tecate","status":"publish","type":"post","link":"https:\/\/elinformante.mx\/?p=21496","title":{"rendered":"Habilitar\u00e1n rutas alternas tras bloqueo en carretera Tijuana-Tecate"},"content":{"rendered":"\n<blockquote class=\"wp-block-quote is-layout-flow wp-block-quote-is-layout-flow\">\n<p>La alcaldesa Montserrat Caballero dijo tambi\u00e9n que se dispondr\u00e1 de seguridad para las participantes de las manifestaciones que tendr\u00e1n lugar en la ciudad el d\u00eda 8 de marzo en Tijuana.<\/p>\n<\/blockquote>\n\n\n\n<p>Ante el bloqueo de la carretera Tijuana-Tecate por habitantes del ejido Maclovio Rojas, el municipio tratar\u00e1 de hacer rutas alternas para que los automovilistas puedan llegar a sus destinos, dijo la presidenta municipal, Montserrat Caballero Ram\u00edrez.<br><\/p>\n\n\n\n<p>\u201cEstamos tratando de hacer rutas alternas, mandamos maquinaria el d\u00eda de ayer para tratar de aplanar algunas veredas y pudieran transitar por ah\u00ed\u201d, explic\u00f3.<br><\/p>\n\n\n\n<p>Es una situaci\u00f3n que le corresponde resolver al Gobierno del Estado y a la Federaci\u00f3n, agreg\u00f3, entiende la lucha de los habitantes de la zona, y espera que lleguen a buenos t\u00e9rminos con estas dos \u00f3rdenes de gobierno.<br><\/p>\n\n\n\n<p>En el marco de la conmemoraci\u00f3n por el D\u00eda Internacional de la Mujer, la Alcaldesa envi\u00f3 un mensaje de apoyo para todas las mujeres tijuanenses.<br><\/p>\n\n\n\n<p>Se dispondr\u00e1 de seguridad para las participantes de las manifestaciones que tendr\u00e1n lugar en la ciudad el d\u00eda 8 de marzo, y tambi\u00e9n para los ciudadanos que circulen por las zonas donde se convocaron a las usuarias, asegur\u00f3, adem\u00e1s, continuar\u00e1 dando apoyo a mujeres emprendedoras, trabajando en conjunto con el Instituto Municipal de la Mujer (Immujer).<br><\/p>\n\n\n\n<p>Manifest\u00f3 que el municipio mantiene las puertas abiertas para las mujeres, en raz\u00f3n de que le ayuden a realizar mejores pol\u00edticas p\u00fablicas m\u00e1s incluyentes.<\/p>\n","protected":false},"excerpt":{"rendered":"<p>La alcaldesa Montserrat Caballero dijo tambi\u00e9n que se dispondr\u00e1 de seguridad para las participantes de las manifestaciones que tendr\u00e1n lugar en la ciudad el d\u00eda 8 de marzo en Tijuana. Ante el bloqueo de la carretera Tijuana-Tecate por habitantes del ejido Maclovio Rojas, el municipio tratar\u00e1 de hacer rutas alternas para que los automovilistas puedan [&hellip;]<\/p>\n","protected":false},"author":1,"featured_media":21497,"comment_status":"closed","ping_status":"closed","sticky":false,"template":"","format":"standard","meta":{"footnotes":""},"categories":[30,34],"tags":[],"class_list":["post-21496","post","type-post","status-publish","format-standard","has-post-thumbnail","hentry","category-destacado","category-nacional"],"_links":{"self":[{"href":"https:\/\/elinformante.mx\/index.php?rest_route=\/wp\/v2\/posts\/21496","targetHints":{"allow":["GET"]}}],"collection":[{"href":"https:\/\/elinformante.mx\/index.php?rest_route=\/wp\/v2\/posts"}],"about":[{"href":"https:\/\/elinformante.mx\/index.php?rest_route=\/wp\/v2\/types\/post"}],"author":[{"embeddable":true,"href":"https:\/\/elinformante.mx\/index.php?rest_route=\/wp\/v2\/users\/1"}],"replies":[{"embeddable":true,"href":"https:\/\/elinformante.mx\/index.php?rest_route=%2Fwp%2Fv2%2Fcomments&post=21496"}],"version-history":[{"count":0,"href":"https:\/\/elinformante.mx\/index.php?rest_route=\/wp\/v2\/posts\/21496\/revisions"}],"wp:featuredmedia":[{"embeddable":true,"href":"https:\/\/elinformante.mx\/index.php?rest_route=\/wp\/v2\/media\/21497"}],"wp:attachment":[{"href":"https:\/\/elinformante.mx\/index.php?rest_route=%2Fwp%2Fv2%2Fmedia&parent=21496"}],"wp:term":[{"taxonomy":"category","embeddable":true,"href":"https:\/\/elinformante.mx\/index.php?rest_route=%2Fwp%2Fv2%2Fcategories&post=21496"},{"taxonomy":"post_tag","embeddable":true,"href":"https:\/\/elinformante.mx\/index.php?rest_route=%2Fwp%2Fv2%2Ftags&post=21496"}],"curies":[{"name":"wp","href":"https:\/\/api.w.org\/{rel}","templated":true}]}}