{"id":21503,"date":"2023-03-08T14:39:42","date_gmt":"2023-03-08T14:39:42","guid":{"rendered":"https:\/\/elinformante.mx\/?p=21503"},"modified":"2023-03-08T14:39:43","modified_gmt":"2023-03-08T14:39:43","slug":"destaca-gem-importancia-de-conmemorar-el-dia-internacional-de-la-mujer","status":"publish","type":"post","link":"https:\/\/elinformante.mx\/?p=21503","title":{"rendered":"Destaca GEM importancia de conmemorar el d\u00eda internacional de la mujer"},"content":{"rendered":"\n<blockquote class=\"wp-block-quote is-layout-flow wp-block-quote-is-layout-flow\">\n<p>Subraya Secretar\u00eda de las Mujeres por qu\u00e9 se debe conmemorar esta fecha.<\/p>\n<\/blockquote>\n\n\n\n<p>El Gobierno del Estado de M\u00e9xico, a trav\u00e9s de la Secretar\u00eda de las Mujeres (Semujeres), resalta que, como una fecha para hacer conciencia en el mundo sobre la importancia que tiene reivindicar la lucha de las mujeres por alcanzar la igualdad de g\u00e9nero y el ejercicio pleno de sus derechos, se conmemora cada 8 de marzo el D\u00eda Internacional de la Mujer.<br><\/p>\n\n\n\n<p>Esta lucha comenz\u00f3 desde principios del siglo XX y a la fecha, desde sus diferentes \u00e1mbitos la sociedad contin\u00faa trabajando para lograr la igualdad. En la administraci\u00f3n del Gobernador Alfredo Del Mazo Maza las mujeres han sido la base para la construcci\u00f3n de pol\u00edticas p\u00fablicas y acciones encaminadas a garantizar sus derechos y una vida libre de violencias.<br><\/p>\n\n\n\n<p>Muestra de ello es la creaci\u00f3n de esta Secretar\u00eda, encabezada por Denisse Ugalde Alegr\u00eda, la cual trabaja en tres ejes, igualdad sustantiva, transversalizaci\u00f3n de la perspectiva de g\u00e9nero, el cual busca que todas y todos tengan un enfoque de g\u00e9nero y la atenci\u00f3n a la violencia, para ello se cuentan con diversas estrategias y programas, como los refugios, Centros Naranja, Espacios Naranja, Centros de Atenci\u00f3n Integral para las Mujeres (CAIM), entre otros.<br><\/p>\n\n\n\n<p>De acuerdo con la Organizaci\u00f3n de las Naciones Unidas (ONU), los or\u00edgenes de esta conmemoraci\u00f3n se remontan en las distintas manifestaciones que las mujeres realizaban, sobre todo en Europa y que, en aquella \u00e9poca, se pronunciaban por lograr mejores condiciones laborales, la obtenci\u00f3n al derecho al voto, entre otras exigencias.<br><\/p>\n\n\n\n<p>No obstante, el acontecimiento que marc\u00f3 al Primer D\u00eda Internacional de la Mujer, se debi\u00f3 al incendio de la f\u00e1brica \u201cTriangle Shirtwaist\u201d el 25 de marzo de 1911 en Nueva York, en el cual perdieron la vida m\u00e1s de 100 trabajadoras textiles, en su mayor\u00eda j\u00f3venes inmigrantes, lo anterior derivado a las carentes medidas de seguridad y pr\u00e1cticas laborales injustas a las que eran sometidas.<br><\/p>\n\n\n\n<p>La Organizaci\u00f3n Internacional del Trabajo (OIT), se\u00f1ala que este hecho cambi\u00f3 la historia, pues surgi\u00f3 la b\u00fasqueda por la justicia social entre mujeres y hombres y con ello, lograr mejoras laborales y avances legislativos en materia de seguridad y salud laboral e industrial.<br><\/p>\n\n\n\n<p>En 1975 la ONU decret\u00f3 el 8 de marzo como el D\u00eda Internacional de la Mujer por primera vez, una fecha para reconocer el papel de la mujer en la actualidad y su participaci\u00f3n en las distintas esferas de la sociedad.<br><\/p>\n\n\n\n<p>El tema que propuso las Naciones Unidas en la conmemoraci\u00f3n del D\u00eda Internacional de la Mujer en este 2023 es \u201cPor un mundo digital inclusivo: Innovaci\u00f3n y tecnolog\u00eda para la igualdad de g\u00e9nero\u201d, el cual permitir\u00e1 reflexionar acerca de la importancia de proteger sus derechos en los espacios digitales y abordar\u00e1 la violencia de g\u00e9nero en l\u00ednea.<br><\/p>\n\n\n\n<p>En el 8M la Semujeres destaca esta conmemoraci\u00f3n como una oportunidad para continuar trabajando a favor de los derechos de ni\u00f1as, adolescentes y mujeres mexiquenses y para reconocer y visibilizar a quienes desde sus trincheras luchan de manera incansable para erradicar la violencia en contra de ellas.<\/p>\n","protected":false},"excerpt":{"rendered":"<p>Subraya Secretar\u00eda de las Mujeres por qu\u00e9 se debe conmemorar esta fecha. El Gobierno del Estado de M\u00e9xico, a trav\u00e9s de la Secretar\u00eda de las Mujeres (Semujeres), resalta que, como una fecha para hacer conciencia en el mundo sobre la importancia que tiene reivindicar la lucha de las mujeres por alcanzar la igualdad de g\u00e9nero [&hellip;]<\/p>\n","protected":false},"author":1,"featured_media":21504,"comment_status":"closed","ping_status":"closed","sticky":false,"template":"","format":"standard","meta":{"footnotes":""},"categories":[30,36],"tags":[],"class_list":["post-21503","post","type-post","status-publish","format-standard","has-post-thumbnail","hentry","category-destacado","category-edomex"],"_links":{"self":[{"href":"https:\/\/elinformante.mx\/index.php?rest_route=\/wp\/v2\/posts\/21503","targetHints":{"allow":["GET"]}}],"collection":[{"href":"https:\/\/elinformante.mx\/index.php?rest_route=\/wp\/v2\/posts"}],"about":[{"href":"https:\/\/elinformante.mx\/index.php?rest_route=\/wp\/v2\/types\/post"}],"author":[{"embeddable":true,"href":"https:\/\/elinformante.mx\/index.php?rest_route=\/wp\/v2\/users\/1"}],"replies":[{"embeddable":true,"href":"https:\/\/elinformante.mx\/index.php?rest_route=%2Fwp%2Fv2%2Fcomments&post=21503"}],"version-history":[{"count":0,"href":"https:\/\/elinformante.mx\/index.php?rest_route=\/wp\/v2\/posts\/21503\/revisions"}],"wp:featuredmedia":[{"embeddable":true,"href":"https:\/\/elinformante.mx\/index.php?rest_route=\/wp\/v2\/media\/21504"}],"wp:attachment":[{"href":"https:\/\/elinformante.mx\/index.php?rest_route=%2Fwp%2Fv2%2Fmedia&parent=21503"}],"wp:term":[{"taxonomy":"category","embeddable":true,"href":"https:\/\/elinformante.mx\/index.php?rest_route=%2Fwp%2Fv2%2Fcategories&post=21503"},{"taxonomy":"post_tag","embeddable":true,"href":"https:\/\/elinformante.mx\/index.php?rest_route=%2Fwp%2Fv2%2Ftags&post=21503"}],"curies":[{"name":"wp","href":"https:\/\/api.w.org\/{rel}","templated":true}]}}