{"id":21513,"date":"2023-03-08T14:54:08","date_gmt":"2023-03-08T14:54:08","guid":{"rendered":"https:\/\/elinformante.mx\/?p=21513"},"modified":"2023-03-08T14:56:38","modified_gmt":"2023-03-08T14:56:38","slug":"maestras-del-estado-del-puebla-si-podran-marchar-el-8m","status":"publish","type":"post","link":"https:\/\/elinformante.mx\/?p=21513","title":{"rendered":"Maestras del estado de Puebla s\u00ed podr\u00e1n marchar el 8M"},"content":{"rendered":"\n<blockquote class=\"wp-block-quote is-layout-flow wp-block-quote-is-layout-flow\">\n<p>Para las mujeres que deseen participar en las diferentes marchas a las que se ha convocado este mi\u00e9rcoles, recalc\u00f3 no habr\u00e1 represalias en su contra, tampoco las trabajadoras del sector educativo del estado.<\/p>\n<\/blockquote>\n\n\n\n<p>El secretario de Gobernaci\u00f3n (Segob), Julio Miguel Huerta G\u00f3mez, inform\u00f3 que las maestras que trabajan para el gobierno del estado tambi\u00e9n podr\u00e1n participar en la manifestaci\u00f3n de este mi\u00e9rcoles, en conmemoraci\u00f3n por el D\u00eda Internacional de la Mujer Trabajadora, sin que haya represalias o descuentos a su salario.<br><\/p>\n\n\n\n<p>As\u00ed lo declar\u00f3 este martes durante un encuentro que sostuvo en el municipio de Amozoc con reporteros que cubren la regi\u00f3n.<br><\/p>\n\n\n\n<p>El funcionario estatal enfatiz\u00f3 que el anuncio que hizo este inicio de semana el gobernador Salom\u00f3n C\u00e9spedes Peregrina fue abierto a todas las trabajadoras del estado, en el que se incluyen a las docentes.<br><\/p>\n\n\n\n<p>Lo anterior, luego de las pol\u00e9micas declaraciones que hizo el encargado de despacho de la Secretar\u00eda de Educaci\u00f3n P\u00fablica (SEP), Jos\u00e9 Luis Sorcia Ram\u00edrez, quien se opuso a que las maestras participaran en la marcha, argumentando que se solidaricen desde las aulas. Al respecto, Huerta G\u00f3mez coment\u00f3 que la declaraci\u00f3n que emiti\u00f3 Sorcia Ram\u00edrez fue a t\u00edtulo personal.<br><\/p>\n\n\n\n<p>Explic\u00f3 que la disposici\u00f3n de no aplicar descuentos salariales ni sanciones que anunci\u00f3 el mandatario estatal fue para todas las trabajadoras de las dependencias del gobierno del estado.<br><\/p>\n\n\n\n<p>\u201cLa invitaci\u00f3n que hizo el gobernador es abierta y ese es el sentir del gobierno del estado, la opini\u00f3n del encargado de despacho de la Secretar\u00eda de Educaci\u00f3n es personal\u201d, precis\u00f3.<br><\/p>\n\n\n\n<p>Para las mujeres que deseen participar en las diferentes marchas a las que se ha convocado este mi\u00e9rcoles, recalc\u00f3 no habr\u00e1 represalias en su contra, tampoco las trabajadoras del sector educativo del estado.<\/p>\n","protected":false},"excerpt":{"rendered":"<p>Para las mujeres que deseen participar en las diferentes marchas a las que se ha convocado este mi\u00e9rcoles, recalc\u00f3 no habr\u00e1 represalias en su contra, tampoco las trabajadoras del sector educativo del estado. El secretario de Gobernaci\u00f3n (Segob), Julio Miguel Huerta G\u00f3mez, inform\u00f3 que las maestras que trabajan para el gobierno del estado tambi\u00e9n podr\u00e1n [&hellip;]<\/p>\n","protected":false},"author":1,"featured_media":21519,"comment_status":"closed","ping_status":"closed","sticky":false,"template":"","format":"standard","meta":{"footnotes":""},"categories":[30,34],"tags":[],"class_list":["post-21513","post","type-post","status-publish","format-standard","has-post-thumbnail","hentry","category-destacado","category-nacional"],"_links":{"self":[{"href":"https:\/\/elinformante.mx\/index.php?rest_route=\/wp\/v2\/posts\/21513","targetHints":{"allow":["GET"]}}],"collection":[{"href":"https:\/\/elinformante.mx\/index.php?rest_route=\/wp\/v2\/posts"}],"about":[{"href":"https:\/\/elinformante.mx\/index.php?rest_route=\/wp\/v2\/types\/post"}],"author":[{"embeddable":true,"href":"https:\/\/elinformante.mx\/index.php?rest_route=\/wp\/v2\/users\/1"}],"replies":[{"embeddable":true,"href":"https:\/\/elinformante.mx\/index.php?rest_route=%2Fwp%2Fv2%2Fcomments&post=21513"}],"version-history":[{"count":0,"href":"https:\/\/elinformante.mx\/index.php?rest_route=\/wp\/v2\/posts\/21513\/revisions"}],"wp:featuredmedia":[{"embeddable":true,"href":"https:\/\/elinformante.mx\/index.php?rest_route=\/wp\/v2\/media\/21519"}],"wp:attachment":[{"href":"https:\/\/elinformante.mx\/index.php?rest_route=%2Fwp%2Fv2%2Fmedia&parent=21513"}],"wp:term":[{"taxonomy":"category","embeddable":true,"href":"https:\/\/elinformante.mx\/index.php?rest_route=%2Fwp%2Fv2%2Fcategories&post=21513"},{"taxonomy":"post_tag","embeddable":true,"href":"https:\/\/elinformante.mx\/index.php?rest_route=%2Fwp%2Fv2%2Ftags&post=21513"}],"curies":[{"name":"wp","href":"https:\/\/api.w.org\/{rel}","templated":true}]}}