{"id":21517,"date":"2023-03-08T14:56:56","date_gmt":"2023-03-08T14:56:56","guid":{"rendered":"https:\/\/elinformante.mx\/?p=21517"},"modified":"2023-03-08T14:57:35","modified_gmt":"2023-03-08T14:57:35","slug":"gerard-pique-esta-harto-de-las-burlas-tras-rupturas-con-shakira","status":"publish","type":"post","link":"https:\/\/elinformante.mx\/?p=21517","title":{"rendered":"Gerard Piqu\u00e9 est\u00e1 harto de las burlas tras ruptura con Shakira"},"content":{"rendered":"\n<p>Gerard Piqu\u00e9 ha sido fuertemente se\u00f1alado as\u00ed como atacado en redes sociales y medios de comunicaci\u00f3n luego de la separaci\u00f3n que pas\u00f3 con Shakira pues no s\u00f3lo a \u00e9l lo han criticado, tambi\u00e9n su familia se ha visto involucrada.<br><\/p>\n\n\n\n<p>El ex futbolista ha enfrentado el acoso mundial a base de humor y es que opt\u00f3 por burlarse de la prensa para salir adelante de la reprobaci\u00f3n del ojo p\u00fablico junto con su pareja Clara Ch\u00eda, con quien habr\u00eda enga\u00f1ado a Shakira.<br><\/p>\n\n\n\n<p>Sin embargo, de acuerdo con el periodista Sa\u00fal Ortiz, de Telecinco, el ex deportista parece ya estar harto de las cr\u00edticas y burlas e incluso se rumora que contempla tomar medidas legales para poner un alto a la situaci\u00f3n que vive, especialmente porque ya no quiere que involucren a su familia, como su mam\u00e1 Montserrat Bernab\u00e9u.<br><\/p>\n\n\n\n<figure class=\"wp-block-image size-large\"><img fetchpriority=\"high\" decoding=\"async\" width=\"1024\" height=\"503\" src=\"https:\/\/elinformante.mx\/wp-content\/uploads\/2023\/03\/GERARD-2-1024x503.jpg\" alt=\"\" class=\"wp-image-21521\" srcset=\"https:\/\/elinformante.mx\/wp-content\/uploads\/2023\/03\/GERARD-2-1024x503.jpg 1024w, https:\/\/elinformante.mx\/wp-content\/uploads\/2023\/03\/GERARD-2-300x147.jpg 300w, https:\/\/elinformante.mx\/wp-content\/uploads\/2023\/03\/GERARD-2-768x377.jpg 768w, https:\/\/elinformante.mx\/wp-content\/uploads\/2023\/03\/GERARD-2-580x285.jpg 580w, https:\/\/elinformante.mx\/wp-content\/uploads\/2023\/03\/GERARD-2-860x422.jpg 860w, https:\/\/elinformante.mx\/wp-content\/uploads\/2023\/03\/GERARD-2.jpg 1140w\" sizes=\"(max-width: 1024px) 100vw, 1024px\" \/><\/figure>\n\n\n\n<p>\u201cEs verdad que \u00e9l transform\u00f3 la pena, dolor y frustraci\u00f3n en humor ante los medios de comunicaci\u00f3n una persecuci\u00f3n musical de su expareja, pero ha tomado la decisi\u00f3n de no pasar por alto que se vuelva a utilizar a la familia para intentar generar todav\u00eda m\u00e1s odio y enfrentamiento medi\u00e1tico\u201c, de acuerdo con Sa\u00fal Ortiz en Fiesta, de Telecinco.<br><\/p>\n\n\n\n<p>Sin embargo, no es un tema confirmado que el ex jugador tome acciones legales para acabar con las burlas que le han llegado luego de la serie de canciones que Shakira ha sacado para darle un cierre a la relaci\u00f3n que tuvieron.<br><\/p>\n\n\n\n<p>Es de recordar que tambi\u00e9n Clara Ch\u00eda, novia de Piqu\u00e9, ha recibido severos comentarios de ataque por la relaci\u00f3n que inici\u00f3 con el ex futbolista y que incluso la llev\u00f3 a padecer una crisis de ansiedad que la dej\u00f3 en el hospital.<\/p>\n","protected":false},"excerpt":{"rendered":"<p>Gerard Piqu\u00e9 ha sido fuertemente se\u00f1alado as\u00ed como atacado en redes sociales y medios de comunicaci\u00f3n luego de la separaci\u00f3n que pas\u00f3 con Shakira pues no s\u00f3lo a \u00e9l lo han criticado, tambi\u00e9n su familia se ha visto involucrada. El ex futbolista ha enfrentado el acoso mundial a base de humor y es que opt\u00f3 [&hellip;]<\/p>\n","protected":false},"author":1,"featured_media":21520,"comment_status":"closed","ping_status":"closed","sticky":false,"template":"","format":"standard","meta":{"footnotes":""},"categories":[38],"tags":[],"class_list":["post-21517","post","type-post","status-publish","format-standard","has-post-thumbnail","hentry","category-deportes"],"_links":{"self":[{"href":"https:\/\/elinformante.mx\/index.php?rest_route=\/wp\/v2\/posts\/21517","targetHints":{"allow":["GET"]}}],"collection":[{"href":"https:\/\/elinformante.mx\/index.php?rest_route=\/wp\/v2\/posts"}],"about":[{"href":"https:\/\/elinformante.mx\/index.php?rest_route=\/wp\/v2\/types\/post"}],"author":[{"embeddable":true,"href":"https:\/\/elinformante.mx\/index.php?rest_route=\/wp\/v2\/users\/1"}],"replies":[{"embeddable":true,"href":"https:\/\/elinformante.mx\/index.php?rest_route=%2Fwp%2Fv2%2Fcomments&post=21517"}],"version-history":[{"count":0,"href":"https:\/\/elinformante.mx\/index.php?rest_route=\/wp\/v2\/posts\/21517\/revisions"}],"wp:featuredmedia":[{"embeddable":true,"href":"https:\/\/elinformante.mx\/index.php?rest_route=\/wp\/v2\/media\/21520"}],"wp:attachment":[{"href":"https:\/\/elinformante.mx\/index.php?rest_route=%2Fwp%2Fv2%2Fmedia&parent=21517"}],"wp:term":[{"taxonomy":"category","embeddable":true,"href":"https:\/\/elinformante.mx\/index.php?rest_route=%2Fwp%2Fv2%2Fcategories&post=21517"},{"taxonomy":"post_tag","embeddable":true,"href":"https:\/\/elinformante.mx\/index.php?rest_route=%2Fwp%2Fv2%2Ftags&post=21517"}],"curies":[{"name":"wp","href":"https:\/\/api.w.org\/{rel}","templated":true}]}}