{"id":21527,"date":"2023-03-08T14:59:18","date_gmt":"2023-03-08T14:59:18","guid":{"rendered":"https:\/\/elinformante.mx\/?p=21527"},"modified":"2023-03-08T14:59:19","modified_gmt":"2023-03-08T14:59:19","slug":"balacera-deja-una-mujer-sin-vida-y-tres-heridos-en-san-mateo-atenco","status":"publish","type":"post","link":"https:\/\/elinformante.mx\/?p=21527","title":{"rendered":"Balacera deja una mujer sin vida y tres heridos en San Mateo Atenco"},"content":{"rendered":"\n<blockquote class=\"wp-block-quote is-layout-flow wp-block-quote-is-layout-flow\">\n<p>Una balacera se registr\u00f3 la madrugada de este martes en las inmediaciones de un sal\u00f3n de fiestas en el municipio de San Mateo Atenco.<\/p>\n<\/blockquote>\n\n\n\n<p>Una balacera se registr\u00f3 la madrugada de este martes en las inmediaciones de un sal\u00f3n de fiestas en el municipio de San Mateo Atenco, cuyo saldo fue de una mujer sin vida y dos personas lesionadas.<br><\/p>\n\n\n\n<p>De acuerdo con los primeros reportes los hechos ocurrieron afuera de un sal\u00f3n de baile conocido como \u201cEl Cumbala\u201d, en la calle Reforma, colonia Buenavista, cerca de la iglesia de Santa Juanita.<br><\/p>\n\n\n\n<p>En los informes policiacos indicaron que en dicho punto se habr\u00eda registrado una balacera, en la cual una joven de aproximadamente 22 a\u00f1os muri\u00f3 en el lugar, mientras que tres hombres, uno de 18, uno de 15 y otro de 26 resultaron heridos.<br><\/p>\n\n\n\n<p>Al lugar arribaron elementos de la polic\u00eda municipal y Guardia Nacional, as\u00ed como param\u00e9dicos que confirmaron la muerte de la joven y trasladaron a un hospital a los heridos.<br><\/p>\n\n\n\n<p>La calle Reforma, la cual conecta con Paseo Tollocan, fue acordonada por los elementos de seguridad, mientras que agentes de la Fiscal\u00eda Especializada en Homicidios del Valle de Toluca iniciaron las primeras investigaciones, para despu\u00e9s trasladar el cuerpo al Servicio M\u00e9dico Forense (Semefo).<br><\/p>\n\n\n\n<p>Cabe mencionar que los responsables a\u00fan no han sido detenidos, por lo que las autoridades mantienen un despliegue operativo en la zona a fin de poder localizarlos.<\/p>\n","protected":false},"excerpt":{"rendered":"<p>Una balacera se registr\u00f3 la madrugada de este martes en las inmediaciones de un sal\u00f3n de fiestas en el municipio de San Mateo Atenco. Una balacera se registr\u00f3 la madrugada de este martes en las inmediaciones de un sal\u00f3n de fiestas en el municipio de San Mateo Atenco, cuyo saldo fue de una mujer sin [&hellip;]<\/p>\n","protected":false},"author":1,"featured_media":21528,"comment_status":"closed","ping_status":"closed","sticky":false,"template":"","format":"standard","meta":{"footnotes":""},"categories":[37],"tags":[],"class_list":["post-21527","post","type-post","status-publish","format-standard","has-post-thumbnail","hentry","category-justicia"],"_links":{"self":[{"href":"https:\/\/elinformante.mx\/index.php?rest_route=\/wp\/v2\/posts\/21527","targetHints":{"allow":["GET"]}}],"collection":[{"href":"https:\/\/elinformante.mx\/index.php?rest_route=\/wp\/v2\/posts"}],"about":[{"href":"https:\/\/elinformante.mx\/index.php?rest_route=\/wp\/v2\/types\/post"}],"author":[{"embeddable":true,"href":"https:\/\/elinformante.mx\/index.php?rest_route=\/wp\/v2\/users\/1"}],"replies":[{"embeddable":true,"href":"https:\/\/elinformante.mx\/index.php?rest_route=%2Fwp%2Fv2%2Fcomments&post=21527"}],"version-history":[{"count":0,"href":"https:\/\/elinformante.mx\/index.php?rest_route=\/wp\/v2\/posts\/21527\/revisions"}],"wp:featuredmedia":[{"embeddable":true,"href":"https:\/\/elinformante.mx\/index.php?rest_route=\/wp\/v2\/media\/21528"}],"wp:attachment":[{"href":"https:\/\/elinformante.mx\/index.php?rest_route=%2Fwp%2Fv2%2Fmedia&parent=21527"}],"wp:term":[{"taxonomy":"category","embeddable":true,"href":"https:\/\/elinformante.mx\/index.php?rest_route=%2Fwp%2Fv2%2Fcategories&post=21527"},{"taxonomy":"post_tag","embeddable":true,"href":"https:\/\/elinformante.mx\/index.php?rest_route=%2Fwp%2Fv2%2Ftags&post=21527"}],"curies":[{"name":"wp","href":"https:\/\/api.w.org\/{rel}","templated":true}]}}