{"id":21542,"date":"2023-03-08T15:04:53","date_gmt":"2023-03-08T15:04:53","guid":{"rendered":"https:\/\/elinformante.mx\/?p=21542"},"modified":"2023-03-08T15:04:54","modified_gmt":"2023-03-08T15:04:54","slug":"todo-listo-para-marcha-del-8-de-marzo-en-toluca","status":"publish","type":"post","link":"https:\/\/elinformante.mx\/?p=21542","title":{"rendered":"Todo listo para marcha del 8 de Marzo en Toluca"},"content":{"rendered":"\n<blockquote class=\"wp-block-quote is-layout-flow wp-block-quote-is-layout-flow\">\n<p>Derechos laborales, interrupci\u00f3n legal del embarazo, contra la violencia machista, son los temas que enarbolar\u00e1n las colectivas.<\/p>\n<\/blockquote>\n\n\n\n<p>Integrantes de distintos colectivos feministas del Estado de M\u00e9xico, marchar\u00e1n este 8 de marzo en el D\u00eda Internacional de la Mujer para concentrarse en el centro de la capital mexiquense.<br><\/p>\n\n\n\n<p>Entre los objetivos de la marcha est\u00e1n: los derechos laborales, interrupci\u00f3n legal del embarazo, contra la violencia machista, donde los colectivos tendr\u00e1n diversos puntos de partida como.<br><\/p>\n\n\n\n<p>El colectivo Resistencia Violeta UAEM\u00e9x convoca a las participantes a las 10:30 de la ma\u00f1ana frente al parque Sim\u00f3n Bol\u00edvar, a un costado de la Rector\u00eda de la m\u00e1xima casa de estudios mexiquense, para iniciar la organizaci\u00f3n de los contingentes; a partir de las 12:00 horas iniciar\u00e1 la marcha en las principales calles del Centro de Toluca.<br><\/p>\n\n\n\n<p>A partir del mediod\u00eda se prev\u00e9 la salida de la marcha organizada por el Colegio de Abogadas y Juristas del Estado de M\u00e9xico AC, en la Alameda Central en Toluca.<br><\/p>\n\n\n\n<p>Los colectivos Ra\u00edces Radicales, Ind\u00f3mitas Feministas Radicales, Feministas Cat\u00f3licas Edom\u00e9x, La Resistencia Radical Edom\u00e9x, Feministas Sat\u00e1nicas Edom\u00e9x, Urracas Feministas Radicales y Otom\u00edas Radicales, saldr\u00e1n a marchar en punto de las 13:30 horas del Instituto de Verificaci\u00f3n Administrativa en Miguel Salinas esquina con Paseo Tollocan, en la colonia Altamirano, en Toluca.<br><\/p>\n\n\n\n<figure class=\"wp-block-image size-large\"><img fetchpriority=\"high\" decoding=\"async\" width=\"1024\" height=\"503\" src=\"https:\/\/elinformante.mx\/wp-content\/uploads\/2023\/03\/TODO-1024x503.jpg\" alt=\"\" class=\"wp-image-21544\" srcset=\"https:\/\/elinformante.mx\/wp-content\/uploads\/2023\/03\/TODO-1024x503.jpg 1024w, https:\/\/elinformante.mx\/wp-content\/uploads\/2023\/03\/TODO-300x147.jpg 300w, https:\/\/elinformante.mx\/wp-content\/uploads\/2023\/03\/TODO-768x377.jpg 768w, https:\/\/elinformante.mx\/wp-content\/uploads\/2023\/03\/TODO-580x285.jpg 580w, https:\/\/elinformante.mx\/wp-content\/uploads\/2023\/03\/TODO-860x422.jpg 860w, https:\/\/elinformante.mx\/wp-content\/uploads\/2023\/03\/TODO.jpg 1140w\" sizes=\"(max-width: 1024px) 100vw, 1024px\" \/><\/figure>\n\n\n\n<p>Por cuestiones de seguridad, en ning\u00fan caso se ha revelado la ruta a seguir ni el punto de llegada; sin embargo, algunos colectivos informaron que se trata de una movilizaci\u00f3n pac\u00edfica.<br><\/p>\n\n\n\n<p>Entre las principales recomendaciones destacan el que los hombres se abstengan de asistir a las movilizaciones pues se trata de movimientos de mujeres.<br><\/p>\n\n\n\n<p>Las asistentes deben llevar suficiente hidrataci\u00f3n, una prenda para cubrirse del sol, ropa y zapatos c\u00f3modos para caminar y tel\u00e9fono celular con suficiente bater\u00eda y saldo.<br><\/p>\n\n\n\n<p>Est\u00e1 prohibido el uso de sustancias como alcohol, drogas, enervantes u otras.<br><\/p>\n\n\n\n<p>Ante la convocatoria, se exhorta a la poblaci\u00f3n en general evitar en la medida de lo posible acudir al Centro de Toluca.<br><\/p>\n\n\n\n<p>Cabe se\u00f1alar que el orden de los contingentes ser\u00e1 de la siguiente manera: familiares v\u00edctimas de feminicidio, trabajadoras, mujeres con discapacidad o maternidad, mujeres que asisten por primera vez, mujeres trans y mujeres en general.<\/p>\n","protected":false},"excerpt":{"rendered":"<p>Derechos laborales, interrupci\u00f3n legal del embarazo, contra la violencia machista, son los temas que enarbolar\u00e1n las colectivas. Integrantes de distintos colectivos feministas del Estado de M\u00e9xico, marchar\u00e1n este 8 de marzo en el D\u00eda Internacional de la Mujer para concentrarse en el centro de la capital mexiquense. Entre los objetivos de la marcha est\u00e1n: los [&hellip;]<\/p>\n","protected":false},"author":1,"featured_media":21543,"comment_status":"closed","ping_status":"closed","sticky":false,"template":"","format":"standard","meta":{"footnotes":""},"categories":[36],"tags":[],"class_list":["post-21542","post","type-post","status-publish","format-standard","has-post-thumbnail","hentry","category-edomex"],"_links":{"self":[{"href":"https:\/\/elinformante.mx\/index.php?rest_route=\/wp\/v2\/posts\/21542","targetHints":{"allow":["GET"]}}],"collection":[{"href":"https:\/\/elinformante.mx\/index.php?rest_route=\/wp\/v2\/posts"}],"about":[{"href":"https:\/\/elinformante.mx\/index.php?rest_route=\/wp\/v2\/types\/post"}],"author":[{"embeddable":true,"href":"https:\/\/elinformante.mx\/index.php?rest_route=\/wp\/v2\/users\/1"}],"replies":[{"embeddable":true,"href":"https:\/\/elinformante.mx\/index.php?rest_route=%2Fwp%2Fv2%2Fcomments&post=21542"}],"version-history":[{"count":0,"href":"https:\/\/elinformante.mx\/index.php?rest_route=\/wp\/v2\/posts\/21542\/revisions"}],"wp:featuredmedia":[{"embeddable":true,"href":"https:\/\/elinformante.mx\/index.php?rest_route=\/wp\/v2\/media\/21543"}],"wp:attachment":[{"href":"https:\/\/elinformante.mx\/index.php?rest_route=%2Fwp%2Fv2%2Fmedia&parent=21542"}],"wp:term":[{"taxonomy":"category","embeddable":true,"href":"https:\/\/elinformante.mx\/index.php?rest_route=%2Fwp%2Fv2%2Fcategories&post=21542"},{"taxonomy":"post_tag","embeddable":true,"href":"https:\/\/elinformante.mx\/index.php?rest_route=%2Fwp%2Fv2%2Ftags&post=21542"}],"curies":[{"name":"wp","href":"https:\/\/api.w.org\/{rel}","templated":true}]}}