{"id":21546,"date":"2023-03-08T15:08:25","date_gmt":"2023-03-08T15:08:25","guid":{"rendered":"https:\/\/elinformante.mx\/?p=21546"},"modified":"2023-03-08T15:08:26","modified_gmt":"2023-03-08T15:08:26","slug":"continua-gem-con-trabajo-conjunto-para-prevenir-la-violencia-contra-las-mexiquenses","status":"publish","type":"post","link":"https:\/\/elinformante.mx\/?p=21546","title":{"rendered":"Contin\u00faa GEM con trabajo conjunto para prevenir la violencia contra las mexiquenses"},"content":{"rendered":"\n<blockquote class=\"wp-block-quote is-layout-flow wp-block-quote-is-layout-flow\">\n<p>Buscan a trav\u00e9s de la campa\u00f1a \u201c1,2,3 por ti y por todas\u201d de la Asociaci\u00f3n Civil Tejiendo un Sue\u00f1o, promover acciones interinstitucionales para prevenir la violencia contra ni\u00f1as, adolescentes y mujeres en el transporte p\u00fablico, escuelas, negocios y espacios p\u00fablicos.<\/p>\n<\/blockquote>\n\n\n\n<p>La titular de la Secretar\u00eda de las Mujeres (Semujeres), Denisse Ugalde Alegr\u00eda, resalt\u00f3 que, para tener cambios en materia de violencia de g\u00e9nero, se debe empezar por trabajar desde la comunidad, familia y municipios, ya que es ah\u00ed donde se puede incidir verdaderamente, por lo que reconoci\u00f3 los esfuerzos que se hacen en la administraci\u00f3n del Gobernador Alfredo Del Mazo Maza con los distintos sectores de la sociedad.<br><\/p>\n\n\n\n<p>Al inaugurar un Centro Naranja en las instalaciones de la Asociaci\u00f3n Civil Tejiendo un Sue\u00f1o, y rumbo al D\u00eda Internacional de la Mujer, se\u00f1al\u00f3 que este d\u00eda surgi\u00f3 para reconocer las luchas que han tenido las mujeres a lo largo de la historia para poder pelear por sus derechos, y la mejor manera en la que se puede conmemorar es sum\u00e1ndose, cada quien, desde su \u00e1mbito laboral, para tener mujeres libres, independientes, fuertes y sin violencia.<br><\/p>\n\n\n\n<p>Adem\u00e1s de la inauguraci\u00f3n del Centro, la Presidenta de la Asociaci\u00f3n Sandra Luc\u00eda Ruiz Hern\u00e1ndez, puso en marcha la campa\u00f1a \u201c1,2,3 por ti y por todas\u201d, cuyo objetivo es crear una red con diferentes instituciones, donde se promuevan acciones interinstitucionales para prevenir la violencia contra ni\u00f1as, adolescentes y mujeres en el transporte p\u00fablico, escuelas, negocios y espacios p\u00fablicos.<br><\/p>\n\n\n\n<p>Esta campa\u00f1a surgi\u00f3 a trav\u00e9s de un proyecto que tiene la iniciativa Spotligth encaminada a Asociaciones Civiles, con la cual se capacitar\u00e1 en materia de movilidad y seguridad a los transportistas, para que sus unidades sean seguras y sepan que si detectan alg\u00fan riesgo sepan a d\u00f3nde y con qui\u00e9n acudir para brindar ayuda, as\u00ed como crear puntos seguros en los comercios e impartir cursos de prevenci\u00f3n y sensibilizaci\u00f3n en escuelas.<br><\/p>\n\n\n\n<p>Nayeli S\u00e1nchez Mac\u00edas, Coordinadora de Spotligth en ONU Mujeres, detall\u00f3 que esta iniciativa trabaja a nivel mundial con 25 pa\u00edses para la prevenci\u00f3n de la violencia, entre estos M\u00e9xico, Chihuahua, Guerrero y el Estado de M\u00e9xico.<br><\/p>\n\n\n\n<p>Adem\u00e1s, han financiado a 36 Organizaciones de la Sociedad Civil que emprenden acciones como \u00e9stas a nivel comunitario y precis\u00f3 que, es importante continuar con esta acci\u00f3n ya que la violencia no s\u00f3lo es un tema que debe trabajar el gobierno, sino todas las personas.<\/p>\n","protected":false},"excerpt":{"rendered":"<p>Buscan a trav\u00e9s de la campa\u00f1a \u201c1,2,3 por ti y por todas\u201d de la Asociaci\u00f3n Civil Tejiendo un Sue\u00f1o, promover acciones interinstitucionales para prevenir la violencia contra ni\u00f1as, adolescentes y mujeres en el transporte p\u00fablico, escuelas, negocios y espacios p\u00fablicos. La titular de la Secretar\u00eda de las Mujeres (Semujeres), Denisse Ugalde Alegr\u00eda, resalt\u00f3 que, para [&hellip;]<\/p>\n","protected":false},"author":1,"featured_media":21547,"comment_status":"closed","ping_status":"closed","sticky":false,"template":"","format":"standard","meta":{"footnotes":""},"categories":[36],"tags":[],"class_list":["post-21546","post","type-post","status-publish","format-standard","has-post-thumbnail","hentry","category-edomex"],"_links":{"self":[{"href":"https:\/\/elinformante.mx\/index.php?rest_route=\/wp\/v2\/posts\/21546","targetHints":{"allow":["GET"]}}],"collection":[{"href":"https:\/\/elinformante.mx\/index.php?rest_route=\/wp\/v2\/posts"}],"about":[{"href":"https:\/\/elinformante.mx\/index.php?rest_route=\/wp\/v2\/types\/post"}],"author":[{"embeddable":true,"href":"https:\/\/elinformante.mx\/index.php?rest_route=\/wp\/v2\/users\/1"}],"replies":[{"embeddable":true,"href":"https:\/\/elinformante.mx\/index.php?rest_route=%2Fwp%2Fv2%2Fcomments&post=21546"}],"version-history":[{"count":0,"href":"https:\/\/elinformante.mx\/index.php?rest_route=\/wp\/v2\/posts\/21546\/revisions"}],"wp:featuredmedia":[{"embeddable":true,"href":"https:\/\/elinformante.mx\/index.php?rest_route=\/wp\/v2\/media\/21547"}],"wp:attachment":[{"href":"https:\/\/elinformante.mx\/index.php?rest_route=%2Fwp%2Fv2%2Fmedia&parent=21546"}],"wp:term":[{"taxonomy":"category","embeddable":true,"href":"https:\/\/elinformante.mx\/index.php?rest_route=%2Fwp%2Fv2%2Fcategories&post=21546"},{"taxonomy":"post_tag","embeddable":true,"href":"https:\/\/elinformante.mx\/index.php?rest_route=%2Fwp%2Fv2%2Ftags&post=21546"}],"curies":[{"name":"wp","href":"https:\/\/api.w.org\/{rel}","templated":true}]}}