{"id":21549,"date":"2023-03-08T15:12:34","date_gmt":"2023-03-08T15:12:34","guid":{"rendered":"https:\/\/elinformante.mx\/?p=21549"},"modified":"2023-03-08T15:12:35","modified_gmt":"2023-03-08T15:12:35","slug":"en-alvaro-obregon-trabajan-unidos-por-la-preservacion-del-medio-ambiente","status":"publish","type":"post","link":"https:\/\/elinformante.mx\/?p=21549","title":{"rendered":"En \u00c1lvaro Obreg\u00f3n trabajan unidos por la preservaci\u00f3n del medio ambiente"},"content":{"rendered":"\n<blockquote class=\"wp-block-quote is-layout-flow wp-block-quote-is-layout-flow\">\n<p>Se realiz\u00f3 jornada de recuperaci\u00f3n de un \u00e1rea verde en Corpus Christy.<\/p>\n<\/blockquote>\n\n\n\n<p>Al reafirmar su compromiso con el medio ambiente, la alcaldesa, L\u00eda Lim\u00f3n, exhort\u00f3 a las vecinas y los vecinos de \u00c1lvaro Obreg\u00f3n a trabajar unidos en el combate y limpieza de los 85 tiraderos clandestinos de basura y los 67 de cascajo que se tienen detectados en la demarcaci\u00f3n.<br><\/p>\n\n\n\n<p>Trabajadores de la alcald\u00eda, junto con vecinas y vecinos, realizaron una jornada de recuperaci\u00f3n del \u00e1rea verde de la barranca R\u00edo Mixcoac, con lo que se mejorar\u00e1 la calidad de vida de las casi 5 mil 500 personas que viven en la colonia Corpus Christy y zonas aleda\u00f1as, y en la cual se retiraron 8 toneladas de basura, 7 metros c\u00fabicos de cascajo y 7 metros c\u00fabicos de maleza.<br><\/p>\n\n\n\n<p>En la demarcaci\u00f3n, 24% del territorio es suelo de conservaci\u00f3n y cuenta con 7 sistemas de barrancas en las que hay 13 declaratorias de \u00c1reas de Valor Ambiental. Sin embargo, 80% de las barrancas est\u00e1n contaminadas y tienen tiraderos clandestinos de basura.<br><\/p>\n\n\n\n<p>Durante el primer a\u00f1o de esta administraci\u00f3n se realizaron 10 jornadas de reforestaci\u00f3n en 6 \u00c1reas de Valor Ambiental y, con la participaci\u00f3n de las y los ciudadanos, se recuperaron 125 espacios p\u00fablicos con jornadas de mantenimiento y limpieza.<br><\/p>\n\n\n\n<p>Seguiremos trabajando 24\/7 para recuperar nuestras \u00e1reas verdes y realizando estas jornadas de retiro de cascajo y basura. Pero no podemos solos, necesitamos que todas y todos los vecinos participen en el cuidado y conservaci\u00f3n de nuestras \u00e1reas verdes, para hacer de \u00c1lvaro Obreg\u00f3n un mejor lugar para vivir, finaliz\u00f3.<\/p>\n","protected":false},"excerpt":{"rendered":"<p>Se realiz\u00f3 jornada de recuperaci\u00f3n de un \u00e1rea verde en Corpus Christy. Al reafirmar su compromiso con el medio ambiente, la alcaldesa, L\u00eda Lim\u00f3n, exhort\u00f3 a las vecinas y los vecinos de \u00c1lvaro Obreg\u00f3n a trabajar unidos en el combate y limpieza de los 85 tiraderos clandestinos de basura y los 67 de cascajo que [&hellip;]<\/p>\n","protected":false},"author":1,"featured_media":21550,"comment_status":"closed","ping_status":"closed","sticky":false,"template":"","format":"standard","meta":{"footnotes":""},"categories":[35],"tags":[],"class_list":["post-21549","post","type-post","status-publish","format-standard","has-post-thumbnail","hentry","category-cdmx"],"_links":{"self":[{"href":"https:\/\/elinformante.mx\/index.php?rest_route=\/wp\/v2\/posts\/21549","targetHints":{"allow":["GET"]}}],"collection":[{"href":"https:\/\/elinformante.mx\/index.php?rest_route=\/wp\/v2\/posts"}],"about":[{"href":"https:\/\/elinformante.mx\/index.php?rest_route=\/wp\/v2\/types\/post"}],"author":[{"embeddable":true,"href":"https:\/\/elinformante.mx\/index.php?rest_route=\/wp\/v2\/users\/1"}],"replies":[{"embeddable":true,"href":"https:\/\/elinformante.mx\/index.php?rest_route=%2Fwp%2Fv2%2Fcomments&post=21549"}],"version-history":[{"count":0,"href":"https:\/\/elinformante.mx\/index.php?rest_route=\/wp\/v2\/posts\/21549\/revisions"}],"wp:featuredmedia":[{"embeddable":true,"href":"https:\/\/elinformante.mx\/index.php?rest_route=\/wp\/v2\/media\/21550"}],"wp:attachment":[{"href":"https:\/\/elinformante.mx\/index.php?rest_route=%2Fwp%2Fv2%2Fmedia&parent=21549"}],"wp:term":[{"taxonomy":"category","embeddable":true,"href":"https:\/\/elinformante.mx\/index.php?rest_route=%2Fwp%2Fv2%2Fcategories&post=21549"},{"taxonomy":"post_tag","embeddable":true,"href":"https:\/\/elinformante.mx\/index.php?rest_route=%2Fwp%2Fv2%2Ftags&post=21549"}],"curies":[{"name":"wp","href":"https:\/\/api.w.org\/{rel}","templated":true}]}}