{"id":21556,"date":"2023-03-08T15:14:30","date_gmt":"2023-03-08T15:14:30","guid":{"rendered":"https:\/\/elinformante.mx\/?p=21556"},"modified":"2023-03-08T15:14:31","modified_gmt":"2023-03-08T15:14:31","slug":"el-gobierno-de-la-cdmx-garantiza-proteccion-en-movilizaciones-del-8m","status":"publish","type":"post","link":"https:\/\/elinformante.mx\/?p=21556","title":{"rendered":"El gobierno de la CDMX garantiza protecci\u00f3n en movilizaciones del 8M"},"content":{"rendered":"\n<blockquote class=\"wp-block-quote is-layout-flow wp-block-quote-is-layout-flow\">\n<p>Mart\u00ed Batres inform\u00f3 que brindar\u00e1 \u201cplenas garant\u00edas de libertad\u201d para las manifestantes.<\/p>\n<\/blockquote>\n\n\n\n<p>El Gobierno de la Ciudad de M\u00e9xico, encabezado por Claudia Sheinbaum, brindar\u00e1 \u201cplenas garant\u00edas de libertad\u201d para las manifestantes que salgan a las calles este 8 de marzo para conmemorar el D\u00eda Internacional de la Mujer, inform\u00f3 el secretario de Gobierno, Mart\u00ed Batres.<br><\/p>\n\n\n\n<p>A trav\u00e9s de un video, el funcionario local se\u00f1al\u00f3 que \u201cpondr\u00e1 en juego el trabajo de las instituciones para proteger a las mujeres en el ejercicio de su derecho de manifestaci\u00f3n\u201d.<br><\/p>\n\n\n\n<p>Record\u00f3 que a lo largo del tiempo \u201cse han eliminado muchas normas que criminalizaban a las mujeres\u201d, y con ello se \u201cha logrado la paridad, es decir, la igualdad de la representaci\u00f3n entre mujeres y hombres en los \u00f3rganos del estado\u201d.<br><\/p>\n\n\n\n<p>Agreg\u00f3 que en la capital \u201ctenemos un registro p\u00fablico de agresores sexuales, existe un banco de adn de agresores sexuales y tambi\u00e9n tenemos el n\u00famero *765 para que las mujeres puedan llamar ante cualquier caso de violencia\u201d.<br><\/p>\n\n\n\n<p>Adem\u00e1s, dijo, \u201cse han construido caminos, los llamados senderos seguros\u201d. \u201cLas mujeres siguen luchando por mayores espacios de igualdad porque a\u00fan falta mucho por lograr para la igualdad plena entre hombres y mujeres\u201d, concluy\u00f3.<\/p>\n","protected":false},"excerpt":{"rendered":"<p>Mart\u00ed Batres inform\u00f3 que brindar\u00e1 \u201cplenas garant\u00edas de libertad\u201d para las manifestantes. El Gobierno de la Ciudad de M\u00e9xico, encabezado por Claudia Sheinbaum, brindar\u00e1 \u201cplenas garant\u00edas de libertad\u201d para las manifestantes que salgan a las calles este 8 de marzo para conmemorar el D\u00eda Internacional de la Mujer, inform\u00f3 el secretario de Gobierno, Mart\u00ed Batres. [&hellip;]<\/p>\n","protected":false},"author":1,"featured_media":21557,"comment_status":"closed","ping_status":"closed","sticky":false,"template":"","format":"standard","meta":{"footnotes":""},"categories":[35],"tags":[],"class_list":["post-21556","post","type-post","status-publish","format-standard","has-post-thumbnail","hentry","category-cdmx"],"_links":{"self":[{"href":"https:\/\/elinformante.mx\/index.php?rest_route=\/wp\/v2\/posts\/21556","targetHints":{"allow":["GET"]}}],"collection":[{"href":"https:\/\/elinformante.mx\/index.php?rest_route=\/wp\/v2\/posts"}],"about":[{"href":"https:\/\/elinformante.mx\/index.php?rest_route=\/wp\/v2\/types\/post"}],"author":[{"embeddable":true,"href":"https:\/\/elinformante.mx\/index.php?rest_route=\/wp\/v2\/users\/1"}],"replies":[{"embeddable":true,"href":"https:\/\/elinformante.mx\/index.php?rest_route=%2Fwp%2Fv2%2Fcomments&post=21556"}],"version-history":[{"count":0,"href":"https:\/\/elinformante.mx\/index.php?rest_route=\/wp\/v2\/posts\/21556\/revisions"}],"wp:featuredmedia":[{"embeddable":true,"href":"https:\/\/elinformante.mx\/index.php?rest_route=\/wp\/v2\/media\/21557"}],"wp:attachment":[{"href":"https:\/\/elinformante.mx\/index.php?rest_route=%2Fwp%2Fv2%2Fmedia&parent=21556"}],"wp:term":[{"taxonomy":"category","embeddable":true,"href":"https:\/\/elinformante.mx\/index.php?rest_route=%2Fwp%2Fv2%2Fcategories&post=21556"},{"taxonomy":"post_tag","embeddable":true,"href":"https:\/\/elinformante.mx\/index.php?rest_route=%2Fwp%2Fv2%2Ftags&post=21556"}],"curies":[{"name":"wp","href":"https:\/\/api.w.org\/{rel}","templated":true}]}}